{"id":56634,"date":"2019-04-24T19:16:51","date_gmt":"2019-04-24T17:16:51","guid":{"rendered":"https:\/\/www.claret.org\/saudacao-pascal-do-pe-geral\/"},"modified":"2019-04-24T19:16:51","modified_gmt":"2019-04-24T17:16:51","slug":"saudacao-pascal-do-pe-geral","status":"publish","type":"post","link":"https:\/\/www.claret.org\/pt-pt\/saudacao-pascal-do-pe-geral\/","title":{"rendered":"Sauda\u00e7\u00e3o Pascal do Pe. Geral"},"content":{"rendered":"<p>As narrativas do evangelho que nos descrevem as apari\u00e7\u00f5es do Ressuscitado sublinham repetidamente dois elementos: o desejo de Jesus de que a paz ressurja nos cora\u00e7\u00f5es dos seus disc\u00edpulos e o envio destes a partilhar aos homens o dom recebido. Este desejo de paz torna-se ainda mais premente nos nossos cora\u00e7\u00f5es quando damos connosco a contemplar o sofrimento e a morte que a viol\u00eancia e a guerra provocam em diversas partes deste nosso mundo.<\/p>\n<p>Celebrar a P\u00e1scoa do Senhor \u00e9 proclamar que a vida \u00e9 mais forte do que a morte, que a paz \u00e9 mais poderosa do que a guerra, que o amor jamais poder\u00e1 ser vencido pelo \u00f3dio. Celebrar a P\u00e1scoa do Senhor \u00e9 proclamar esta f\u00e9 e comprometermo-nos a articular a nossa vida a partir dela.<\/p>\n<p>Que a celebra\u00e7\u00e3o da P\u00e1scoa do Senhor transforme as nossas vidas e nos ajude a ser testemunhas atrevidos e cred\u00edveis da vida nova que se manifesta na sua ressurrei\u00e7\u00e3o.<\/p>\n<p>Desejo-vos a todos uma alegre celebra\u00e7\u00e3o pascal.<\/p>\n<p>Josep Ma. Abella CMF.<br \/>\nSuperior Geral.<\/p>\n","protected":false},"excerpt":{"rendered":"<p>As narrativas do evangelho que nos descrevem as apari\u00e7\u00f5es do Ressuscitado sublinham repetidamente dois elementos: o desejo de Jesus de que a paz ressurja nos cora\u00e7\u00f5es dos seus disc\u00edpulos e o envio destes a partilhar aos homens o dom recebido. Este desejo de paz torna-se ainda mais premente nos nossos cora\u00e7\u00f5es quando damos connosco a [&hellip;]<\/p>\n","protected":false},"author":1,"featured_media":56628,"comment_status":"closed","ping_status":"closed","sticky":false,"template":"","format":"standard","meta":{"_et_pb_use_builder":"","_et_pb_old_content":"","_et_gb_content_width":"","footnotes":""},"categories":[1612],"tags":[],"class_list":["post-56634","post","type-post","status-publish","format-standard","has-post-thumbnail","hentry","category-josep-abella-batlle-pt-pt"],"jetpack_featured_media_url":"https:\/\/i0.wp.com\/www.claret.org\/wp-content\/uploads\/2019\/07\/EasterGral11.jpg?fit=367%2C700&ssl=1","jetpack_sharing_enabled":true,"jetpack_shortlink":"https:\/\/wp.me\/pdaBmi-eJs","jetpack_likes_enabled":true,"_links":{"self":[{"href":"https:\/\/www.claret.org\/pt-pt\/wp-json\/wp\/v2\/posts\/56634","targetHints":{"allow":["GET"]}}],"collection":[{"href":"https:\/\/www.claret.org\/pt-pt\/wp-json\/wp\/v2\/posts"}],"about":[{"href":"https:\/\/www.claret.org\/pt-pt\/wp-json\/wp\/v2\/types\/post"}],"author":[{"embeddable":true,"href":"https:\/\/www.claret.org\/pt-pt\/wp-json\/wp\/v2\/users\/1"}],"replies":[{"embeddable":true,"href":"https:\/\/www.claret.org\/pt-pt\/wp-json\/wp\/v2\/comments?post=56634"}],"version-history":[{"count":0,"href":"https:\/\/www.claret.org\/pt-pt\/wp-json\/wp\/v2\/posts\/56634\/revisions"}],"wp:featuredmedia":[{"embeddable":true,"href":"https:\/\/www.claret.org\/pt-pt\/wp-json\/wp\/v2\/media\/56628"}],"wp:attachment":[{"href":"https:\/\/www.claret.org\/pt-pt\/wp-json\/wp\/v2\/media?parent=56634"}],"wp:term":[{"taxonomy":"category","embeddable":true,"href":"https:\/\/www.claret.org\/pt-pt\/wp-json\/wp\/v2\/categories?post=56634"},{"taxonomy":"post_tag","embeddable":true,"href":"https:\/\/www.claret.org\/pt-pt\/wp-json\/wp\/v2\/tags?post=56634"}],"curies":[{"name":"wp","href":"https:\/\/api.w.org\/{rel}","templated":true}]}}