{"id":57365,"date":"2011-01-12T16:28:54","date_gmt":"2011-01-12T15:28:54","guid":{"rendered":"https:\/\/www.claret.org\/assembleia-da-delegacao-do-chile\/"},"modified":"2011-01-12T16:28:54","modified_gmt":"2011-01-12T15:28:54","slug":"assembleia-da-delegacao-do-chile","status":"publish","type":"post","link":"https:\/\/www.claret.org\/pt-pt\/assembleia-da-delegacao-do-chile\/","title":{"rendered":"ASSEMBLEIA DA DELEGA\u00c7\u00c3O DO CHILE"},"content":{"rendered":"<p><strong>Talagante, Chile.<\/strong> Entre os dias 3-7 de Janeiro, A fam\u00edlia claretiana do Chile viveu uma temporada hist\u00f3rica ao celebrar a sua \u00faltima assembleia geral como Delega\u00e7\u00e3o, antes da unifica\u00e7\u00e3o numa s\u00f3 \u201cProv\u00edncia\u201d com outros Organismos da Am\u00e9rica do Sul.<\/p>\n<p>Mission\u00e1rios e leigos encontraram-se no centro Claret de Talagante para partilhar a sua experi\u00eancias, programar os futuros trabalhos e para fomentar a fraternidade.<\/p>\n<p>A temporada de trabalho dividiu-se em duas etapas: a primeira decorreu de segunda a quarta-feira reservada apenas aos religiosos, os quais dialogaram sobre as suas experi\u00eancias e os seus desafios na integra\u00e7\u00e3o do projecto \u201cA Fr\u00e1gua na vida quotidiana\u201d.Al\u00e9m disso, sob o lema: \u201cHomens que ardem em caridade\u201d, efectuou-se um trabalho de motiva\u00e7\u00e3o para a renova\u00e7\u00e3o da espiritualidade mission\u00e1ria pessoal.<\/p>\n<p>A segunda etapa come\u00e7ou na quinta-feira e teve j\u00e1 a presen\u00e7a dos leigos que trabalham vinculados a Prefeitura do Apostolado, como anima\u00e7\u00e3o b\u00edblica(CEBICLAR), Miss\u00e3o solid\u00e1ria, Justi\u00e7a e Paz (JUPIC), os secretariados da Educa\u00e7\u00e3o e de Comunica\u00e7\u00f5es, para al\u00e9m dos representantes das equipas paroquiais, pastoral juvenil e leigos claretianos.<\/p>\n<p>A Assembleia tamb\u00e9m recebeu palavras de motiva\u00e7\u00e3o por parte de Rafael Silva Soler, Director Executivo da \u201cMiss\u00e3o Continental no Chile\u201d, que informou de forma ilustrativa o modo como se concretizou, neste pa\u00eds, esta iniciativa da Confer\u00eancia do Episcopado da Am\u00e9rica Latina (CELAM), proposta da sua V Assembleia Geral celebrada na Aparecida, Brasil, em 2007.<\/p>\n","protected":false},"excerpt":{"rendered":"<p>Talagante, Chile. Entre os dias 3-7 de Janeiro, A fam\u00edlia claretiana do Chile viveu uma temporada hist\u00f3rica ao celebrar a sua \u00faltima assembleia geral como Delega\u00e7\u00e3o, antes da unifica\u00e7\u00e3o numa s\u00f3 \u201cProv\u00edncia\u201d com outros Organismos da Am\u00e9rica do Sul. Mission\u00e1rios e leigos encontraram-se no centro Claret de Talagante para partilhar a sua experi\u00eancias, programar os [&hellip;]<\/p>\n","protected":false},"author":1,"featured_media":57359,"comment_status":"closed","ping_status":"closed","sticky":false,"template":"","format":"standard","meta":{"_et_pb_use_builder":"","_et_pb_old_content":"","_et_gb_content_width":"","footnotes":""},"categories":[410,529,260,413,424],"tags":[],"class_list":["post-57365","post","type-post","status-publish","format-standard","has-post-thumbnail","hentry","category-apostolado-pt-pt","category-familia-claretiana-pt-pt","category-jpic-pt-pt","category-pastoral-biblica-pt-pt","category-pastoral-educativa-pt-pt"],"jetpack_featured_media_url":"https:\/\/i0.wp.com\/www.claret.org\/wp-content\/uploads\/2019\/07\/Chile_Asamblea10.jpg?fit=500%2C332&ssl=1","jetpack_sharing_enabled":true,"jetpack_shortlink":"https:\/\/wp.me\/pdaBmi-eVf","jetpack_likes_enabled":true,"_links":{"self":[{"href":"https:\/\/www.claret.org\/pt-pt\/wp-json\/wp\/v2\/posts\/57365","targetHints":{"allow":["GET"]}}],"collection":[{"href":"https:\/\/www.claret.org\/pt-pt\/wp-json\/wp\/v2\/posts"}],"about":[{"href":"https:\/\/www.claret.org\/pt-pt\/wp-json\/wp\/v2\/types\/post"}],"author":[{"embeddable":true,"href":"https:\/\/www.claret.org\/pt-pt\/wp-json\/wp\/v2\/users\/1"}],"replies":[{"embeddable":true,"href":"https:\/\/www.claret.org\/pt-pt\/wp-json\/wp\/v2\/comments?post=57365"}],"version-history":[{"count":0,"href":"https:\/\/www.claret.org\/pt-pt\/wp-json\/wp\/v2\/posts\/57365\/revisions"}],"wp:featuredmedia":[{"embeddable":true,"href":"https:\/\/www.claret.org\/pt-pt\/wp-json\/wp\/v2\/media\/57359"}],"wp:attachment":[{"href":"https:\/\/www.claret.org\/pt-pt\/wp-json\/wp\/v2\/media?parent=57365"}],"wp:term":[{"taxonomy":"category","embeddable":true,"href":"https:\/\/www.claret.org\/pt-pt\/wp-json\/wp\/v2\/categories?post=57365"},{"taxonomy":"post_tag","embeddable":true,"href":"https:\/\/www.claret.org\/pt-pt\/wp-json\/wp\/v2\/tags?post=57365"}],"curies":[{"name":"wp","href":"https:\/\/api.w.org\/{rel}","templated":true}]}}