{"id":57402,"date":"2011-01-10T16:44:33","date_gmt":"2011-01-10T15:44:33","guid":{"rendered":"https:\/\/www.claret.org\/sinais-de-esperanca-no-haiti\/"},"modified":"2011-01-10T16:44:33","modified_gmt":"2011-01-10T15:44:33","slug":"sinais-de-esperanca-no-haiti","status":"publish","type":"post","link":"https:\/\/www.claret.org\/pt-pt\/sinais-de-esperanca-no-haiti\/","title":{"rendered":"SINAIS DE ESPERAN\u00c7A NO HAITI"},"content":{"rendered":"<p><strong>Hait\u00ed.<\/strong> Nos dias 21 e 22 de Dezembro, o Padre Geral visitou a miss\u00e3o do Haiti,<br \/>\nque ainda est\u00e1 a viver o drama do terramoto de Janeiro do ano passado,<br \/>\nda epidemia de c\u00f3lera, dos desastres da natureza, da inseguran\u00e7a e da<br \/>\nviol\u00eancia, gerados pelo terramoto.<\/p>\n<div>O Pe. Abella p\u00f4de visitar os p\u00f3los mission\u00e1rios de Kasal e Nason e, principalmente promover uma reuni\u00e3o com a comunidade claretiana presente: o Superior Maior das Antilhas, Pe. H\u00e9ctor Cuadrado; o Pe. Joachim Grendotti, Superior local; o Pe. Beauplan Derilus e o Pe. An\u00edbal Zilli. Tamb\u00e9m estiveram presentes os rec\u00e9m \u2013 ordenados di\u00e1conos haitianos: Pascoal Renoncourt, Jeancius Pierre Louis e Lefranc Jeannot.Na reuni\u00e3o puderam partilhar-se as preocupa\u00e7\u00f5es e as respostas que, como claretianos, estamos a dar no Haiti. Uma miss\u00e3o com muitos desafios, mas que faz sentir, fortemente, o chamamento para continuar<br \/>\na nossa presen\u00e7a no pa\u00eds.<\/p>\n<p>No meio de tantos desafios, a ordena\u00e7\u00e3o dos tr\u00eas di\u00e1conos, j\u00e1 mencionados mais acima, foi sinal de esperan\u00e7a. A ordena\u00e7\u00e3o teve lugar em Jiman\u00ed, na Rep\u00fablica Dominicana, lugar de fronteira com o Haiti, a\u00ed<br \/>\nonde os claretianos est\u00e3o a levar a cabo um projecto mission\u00e1rio significativo. Monsenhor Rafael Felipe, Bispo de Barahona, R.D. foi o presidente da celebra\u00e7\u00e3o e bispo \u2013ordenante. Estiveram presentes o Pe.<br \/>\nGeral e o Pe. H\u00e9ctor Cuadrado, Cmf, Superior Maior das Antilhas, para al\u00e9m de v\u00e1rios claretianos e duma avantajada representa\u00e7\u00e3o das comunidades crist\u00e3s dos dois lados da fronteira.<\/p>\n<\/div>\n","protected":false},"excerpt":{"rendered":"<p>Hait\u00ed. Nos dias 21 e 22 de Dezembro, o Padre Geral visitou a miss\u00e3o do Haiti, que ainda est\u00e1 a viver o drama do terramoto de Janeiro do ano passado, da epidemia de c\u00f3lera, dos desastres da natureza, da inseguran\u00e7a e da viol\u00eancia, gerados pelo terramoto. O Pe. Abella p\u00f4de visitar os p\u00f3los mission\u00e1rios de [&hellip;]<\/p>\n","protected":false},"author":1,"featured_media":57397,"comment_status":"closed","ping_status":"closed","sticky":false,"template":"","format":"standard","meta":{"_et_pb_use_builder":"","_et_pb_old_content":"","_et_gb_content_width":"","footnotes":""},"categories":[358,2392],"tags":[],"class_list":["post-57402","post","type-post","status-publish","format-standard","has-post-thumbnail","hentry","category-antillas-pt-pt","category-vida-de-comunidad-pt-pt"],"jetpack_featured_media_url":"https:\/\/i0.wp.com\/www.claret.org\/wp-content\/uploads\/2019\/07\/Hait_General.jpg?fit=855%2C653&ssl=1","jetpack_sharing_enabled":true,"jetpack_shortlink":"https:\/\/wp.me\/pdaBmi-eVQ","jetpack_likes_enabled":true,"_links":{"self":[{"href":"https:\/\/www.claret.org\/pt-pt\/wp-json\/wp\/v2\/posts\/57402","targetHints":{"allow":["GET"]}}],"collection":[{"href":"https:\/\/www.claret.org\/pt-pt\/wp-json\/wp\/v2\/posts"}],"about":[{"href":"https:\/\/www.claret.org\/pt-pt\/wp-json\/wp\/v2\/types\/post"}],"author":[{"embeddable":true,"href":"https:\/\/www.claret.org\/pt-pt\/wp-json\/wp\/v2\/users\/1"}],"replies":[{"embeddable":true,"href":"https:\/\/www.claret.org\/pt-pt\/wp-json\/wp\/v2\/comments?post=57402"}],"version-history":[{"count":0,"href":"https:\/\/www.claret.org\/pt-pt\/wp-json\/wp\/v2\/posts\/57402\/revisions"}],"wp:featuredmedia":[{"embeddable":true,"href":"https:\/\/www.claret.org\/pt-pt\/wp-json\/wp\/v2\/media\/57397"}],"wp:attachment":[{"href":"https:\/\/www.claret.org\/pt-pt\/wp-json\/wp\/v2\/media?parent=57402"}],"wp:term":[{"taxonomy":"category","embeddable":true,"href":"https:\/\/www.claret.org\/pt-pt\/wp-json\/wp\/v2\/categories?post=57402"},{"taxonomy":"post_tag","embeddable":true,"href":"https:\/\/www.claret.org\/pt-pt\/wp-json\/wp\/v2\/tags?post=57402"}],"curies":[{"name":"wp","href":"https:\/\/api.w.org\/{rel}","templated":true}]}}