{"id":57715,"date":"2010-12-11T18:17:40","date_gmt":"2010-12-11T17:17:40","guid":{"rendered":"https:\/\/www.claret.org\/seminario-de-estudos-para-formadores-da-ascla-do-oeste\/"},"modified":"2010-12-11T18:17:40","modified_gmt":"2010-12-11T17:17:40","slug":"seminario-de-estudos-para-formadores-da-ascla-do-oeste","status":"publish","type":"post","link":"https:\/\/www.claret.org\/pt-pt\/seminario-de-estudos-para-formadores-da-ascla-do-oeste\/","title":{"rendered":"Semin\u00e1rio de estudos para formadores da ASCLA do Oeste."},"content":{"rendered":"<p>De acordo com o XXIV Cap\u00edtulo Geral (2009), organizaram-se dois semin\u00e1rios de estudos de dez dias cada, para os formadores dos organismos maiores da regi\u00e3o da \u00c1sia Ocidental (ASCLA do Oeste). O primeiro j\u00e1 aconteceu em Proggaloy, o centro pastoral da arquidiocese de Calcut\u00e1, do dia 06 ao dia 16 de Dezembro; e o segundo est\u00e1 programado para a casa provincial de Karucutty, Kerala, nos dias 17 a 27de Janeiro de 2011.<\/p>\n<p>Para o primeiro semin\u00e1rio vieram 18 formadores da \u00cdndia e do Sri Lanka, bem como uma irm\u00e3 claretiana de Mysore.<br \/>\n\u00c9 mais uma oportunidade de partilha de experi\u00eancia entre os formadores, desenvolver uma vis\u00e3o de conjunto, aproveitar os recursos dispon\u00edveis e enriquecer o minist\u00e9rio formativo na Congrega\u00e7\u00e3o. Ao reflectir mais a fundo sobre as declara\u00e7\u00f5es feitas no XXIV Cap\u00edtulo Geral sobre a forma\u00e7\u00e3o, o semin\u00e1rio pretende desenvolver as estrat\u00e9gias b\u00e1sicas para este servi\u00e7o nos nossos centros de forma\u00e7\u00e3o.<br \/>\nTirando partido das tend\u00eancias actuais na educa\u00e7\u00e3o e na forma\u00e7\u00e3o, o P. Mathew Vattmattam apresentou um panorama do tema da forma\u00e7\u00e3o, tal como foi abordado no \u00faltimo Cap\u00edtulo Geral. Houve ainda outros temas a merecer tratamento: os desafios actuais da forma\u00e7\u00e3o, a necessidade duma forma\u00e7\u00e3o transformadora e alguns subs\u00eddios pr\u00e1ticos para uma forma\u00e7\u00e3o integral.<br \/>\nTamb\u00e9m se trataram outros temas tais como: os sujeitos da forma\u00e7\u00e3o, o discernimento e acompanhamento na forma\u00e7\u00e3o e o papel do JPIC e da Palavra de Deus na forma\u00e7\u00e3o.<\/p>\n","protected":false},"excerpt":{"rendered":"<p>De acordo com o XXIV Cap\u00edtulo Geral (2009), organizaram-se dois semin\u00e1rios de estudos de dez dias cada, para os formadores dos organismos maiores da regi\u00e3o da \u00c1sia Ocidental (ASCLA do Oeste). O primeiro j\u00e1 aconteceu em Proggaloy, o centro pastoral da arquidiocese de Calcut\u00e1, do dia 06 ao dia 16 de Dezembro; e o segundo [&hellip;]<\/p>\n","protected":false},"author":1,"featured_media":57710,"comment_status":"closed","ping_status":"closed","sticky":false,"template":"","format":"standard","meta":{"_et_pb_use_builder":"","_et_pb_old_content":"","_et_gb_content_width":"","footnotes":""},"categories":[220],"tags":[],"class_list":["post-57715","post","type-post","status-publish","format-standard","has-post-thumbnail","hentry","category-ascla-west-pt-pt"],"jetpack_featured_media_url":"https:\/\/i0.wp.com\/www.claret.org\/wp-content\/uploads\/2019\/07\/India_Taller.jpg?fit=800%2C600&ssl=1","jetpack_sharing_enabled":true,"jetpack_shortlink":"https:\/\/wp.me\/pdaBmi-f0T","jetpack_likes_enabled":true,"_links":{"self":[{"href":"https:\/\/www.claret.org\/pt-pt\/wp-json\/wp\/v2\/posts\/57715","targetHints":{"allow":["GET"]}}],"collection":[{"href":"https:\/\/www.claret.org\/pt-pt\/wp-json\/wp\/v2\/posts"}],"about":[{"href":"https:\/\/www.claret.org\/pt-pt\/wp-json\/wp\/v2\/types\/post"}],"author":[{"embeddable":true,"href":"https:\/\/www.claret.org\/pt-pt\/wp-json\/wp\/v2\/users\/1"}],"replies":[{"embeddable":true,"href":"https:\/\/www.claret.org\/pt-pt\/wp-json\/wp\/v2\/comments?post=57715"}],"version-history":[{"count":0,"href":"https:\/\/www.claret.org\/pt-pt\/wp-json\/wp\/v2\/posts\/57715\/revisions"}],"wp:featuredmedia":[{"embeddable":true,"href":"https:\/\/www.claret.org\/pt-pt\/wp-json\/wp\/v2\/media\/57710"}],"wp:attachment":[{"href":"https:\/\/www.claret.org\/pt-pt\/wp-json\/wp\/v2\/media?parent=57715"}],"wp:term":[{"taxonomy":"category","embeddable":true,"href":"https:\/\/www.claret.org\/pt-pt\/wp-json\/wp\/v2\/categories?post=57715"},{"taxonomy":"post_tag","embeddable":true,"href":"https:\/\/www.claret.org\/pt-pt\/wp-json\/wp\/v2\/tags?post=57715"}],"curies":[{"name":"wp","href":"https:\/\/api.w.org\/{rel}","templated":true}]}}