{"id":58496,"date":"2010-02-28T16:32:34","date_gmt":"2010-02-28T15:32:34","guid":{"rendered":"https:\/\/www.claret.org\/claret-na-a%c2%a2aalonga-noite-das-religiaa%c2%b5esa%c2%a2aa%c2%9d\/"},"modified":"2010-02-28T16:32:34","modified_gmt":"2010-02-28T15:32:34","slug":"claret-na-a%c2%a2aalonga-noite-das-religiaa%c2%b5esa%c2%a2aa%c2%9d","status":"publish","type":"post","link":"https:\/\/www.claret.org\/pt-pt\/claret-na-a%c2%a2aalonga-noite-das-religiaa%c2%b5esa%c2%a2aa%c2%9d\/","title":{"rendered":"Claret na \u00c3\u00a2\u00c2?\u00c2?Longa Noite das Religi\u00c3?\u00c2\u00b5es\u00c3\u00a2\u00c2?\u00c2\u009d"},"content":{"rendered":"<div align=\"justify\">Sui\u00e7a. No s\u00e1bado, 15 de setembro, teve em Zurique uma \u201cLonga Noite das Religi\u00f5es\u201d no bairro de Fluntem, onde os Claretianos t\u00eam uma comunidade. Foram organizadas atividades diversas por parte dos protestantes reformados, cat\u00f3licos, metodistas, ortodoxos russos, mu\u00e7ulmanos e hindus. O povo podia passar por v\u00e1rias atividades, embora n\u00e3o por todas, j\u00e1 que algumas aconteciam simultaneamente em lugares diferentes.<br \/>\nEntre os<\/div>\n<div align=\"justify\">cat\u00f3licos, os claretianos aproveitaram a oportunidade que lhes oferece o Bicenten\u00e1rio Claretiano para apresentar a figura do Padre Claret a um p\u00fablico de v\u00e1rias confiss\u00f5es crist\u00e3s e n\u00e3o crist\u00e3s. Com a ajuda de uma apresenta\u00e7\u00e3o em Power Point, o Pe. Wolfgang Deiminger explicou a vida e espiritualidade do Padre Claret, concluindo com uma breve informa\u00e7\u00e3o sobre a Congrega\u00e7\u00e3o atualmente. A capela da comunidade estava bem cheia, embora na mesma hora se oferecessem atividades na mesquita e em uma comunidade de diaconisas metodistas que cuidam de um hospital no bairro. O p\u00fablico, em sua maioria gente desconhecida, ficou impressionado com um santo que eles desconheciam.<\/div>\n","protected":false},"excerpt":{"rendered":"<p>Sui\u00e7a. No s\u00e1bado, 15 de setembro, teve em Zurique uma \u201cLonga Noite das Religi\u00f5es\u201d no bairro de Fluntem, onde os Claretianos t\u00eam uma comunidade. Foram organizadas atividades diversas por parte dos protestantes reformados, cat\u00f3licos, metodistas, ortodoxos russos, mu\u00e7ulmanos e hindus. O povo podia passar por v\u00e1rias atividades, embora n\u00e3o por todas, j\u00e1 que algumas aconteciam [&hellip;]<\/p>\n","protected":false},"author":1,"featured_media":0,"comment_status":"closed","ping_status":"closed","sticky":false,"template":"","format":"standard","meta":{"_et_pb_use_builder":"","_et_pb_old_content":"","_et_gb_content_width":"","footnotes":""},"categories":[529,442],"tags":[],"class_list":["post-58496","post","type-post","status-publish","format-standard","hentry","category-familia-claretiana-pt-pt","category-solidariedade-e-missao"],"jetpack_featured_media_url":"","jetpack_sharing_enabled":true,"jetpack_shortlink":"https:\/\/wp.me\/pdaBmi-fdu","jetpack_likes_enabled":true,"_links":{"self":[{"href":"https:\/\/www.claret.org\/pt-pt\/wp-json\/wp\/v2\/posts\/58496","targetHints":{"allow":["GET"]}}],"collection":[{"href":"https:\/\/www.claret.org\/pt-pt\/wp-json\/wp\/v2\/posts"}],"about":[{"href":"https:\/\/www.claret.org\/pt-pt\/wp-json\/wp\/v2\/types\/post"}],"author":[{"embeddable":true,"href":"https:\/\/www.claret.org\/pt-pt\/wp-json\/wp\/v2\/users\/1"}],"replies":[{"embeddable":true,"href":"https:\/\/www.claret.org\/pt-pt\/wp-json\/wp\/v2\/comments?post=58496"}],"version-history":[{"count":0,"href":"https:\/\/www.claret.org\/pt-pt\/wp-json\/wp\/v2\/posts\/58496\/revisions"}],"wp:attachment":[{"href":"https:\/\/www.claret.org\/pt-pt\/wp-json\/wp\/v2\/media?parent=58496"}],"wp:term":[{"taxonomy":"category","embeddable":true,"href":"https:\/\/www.claret.org\/pt-pt\/wp-json\/wp\/v2\/categories?post=58496"},{"taxonomy":"post_tag","embeddable":true,"href":"https:\/\/www.claret.org\/pt-pt\/wp-json\/wp\/v2\/tags?post=58496"}],"curies":[{"name":"wp","href":"https:\/\/api.w.org\/{rel}","templated":true}]}}