{"id":66174,"date":"2019-11-07T08:35:41","date_gmt":"2019-11-07T07:35:41","guid":{"rendered":"https:\/\/www.claret.org\/inauguracao-e-bencao-da-loja-santo-antonio-maria-claret-de-artigos-religiosos-e-liturgicos\/"},"modified":"2019-11-07T08:35:41","modified_gmt":"2019-11-07T07:35:41","slug":"inauguracao-e-bencao-da-loja-santo-antonio-maria-claret-de-artigos-religiosos-e-liturgicos","status":"publish","type":"post","link":"https:\/\/www.claret.org\/pt-pt\/inauguracao-e-bencao-da-loja-santo-antonio-maria-claret-de-artigos-religiosos-e-liturgicos\/","title":{"rendered":"Inaugura\u00e7\u00e3o e b\u00ean\u00e7\u00e3o da Loja Santo Ant\u00f4nio Maria Claret de artigos religiosos e lit\u00fargicos"},"content":{"rendered":"<p><span style=\"font-size: 14pt; font-family: helvetica, arial, sans-serif;\"><strong>Bangalore, \u00cdndia.<\/strong> O Revmo. Sr. Dom Peter Machado, Arcebispo de Bangalore, aben\u00e7oou uma loja para todos os tipos de \u00edtens religiosos e lit\u00fargicos, e o Pe. John Paikattu, Ec\u00f4nomo Provincial da Prov\u00edncia de Bangalore, a inaugurou na ter\u00e7a-feira, 5 de novembro de 2019. \u00c9 uma nova aventura dos mission\u00e1rios claretianos em Bangalore no campo das publica\u00e7\u00f5es claretianas. O evento contou com a presen\u00e7a de superiores locais de v\u00e1rias comunidades da Prov\u00edncia de Bangalore, padres, irm\u00e3s, irm\u00e3os, apoiadores e amigos das comunidades e par\u00f3quias vizinhas.<\/span><\/p>\n","protected":false},"excerpt":{"rendered":"<p>Bangalore, \u00cdndia. O Revmo. Sr. Dom Peter Machado, Arcebispo de Bangalore, aben\u00e7oou uma loja para todos os tipos de \u00edtens religiosos e lit\u00fargicos, e o Pe. John Paikattu, Ec\u00f4nomo Provincial da Prov\u00edncia de Bangalore, a inaugurou na ter\u00e7a-feira, 5 de novembro de 2019. \u00c9 uma nova aventura dos mission\u00e1rios claretianos em Bangalore no campo das [&hellip;]<\/p>\n","protected":false},"author":2,"featured_media":66162,"comment_status":"closed","ping_status":"closed","sticky":false,"template":"","format":"standard","meta":{"_et_pb_use_builder":"","_et_pb_old_content":"","_et_gb_content_width":"","footnotes":""},"categories":[222,253],"tags":[],"class_list":["post-66174","post","type-post","status-publish","format-standard","has-post-thumbnail","hentry","category-bangalore-pt-pt","category-claret-publishing-group-pt-pt"],"jetpack_featured_media_url":"https:\/\/i0.wp.com\/www.claret.org\/wp-content\/uploads\/2019\/11\/BA-20191106-Opening-and-Blessing-of-San-Claret-Outlet-4.jpg?fit=1944%2C1296&ssl=1","jetpack_sharing_enabled":true,"jetpack_shortlink":"https:\/\/wp.me\/pdaBmi-hdk","jetpack_likes_enabled":true,"_links":{"self":[{"href":"https:\/\/www.claret.org\/pt-pt\/wp-json\/wp\/v2\/posts\/66174","targetHints":{"allow":["GET"]}}],"collection":[{"href":"https:\/\/www.claret.org\/pt-pt\/wp-json\/wp\/v2\/posts"}],"about":[{"href":"https:\/\/www.claret.org\/pt-pt\/wp-json\/wp\/v2\/types\/post"}],"author":[{"embeddable":true,"href":"https:\/\/www.claret.org\/pt-pt\/wp-json\/wp\/v2\/users\/2"}],"replies":[{"embeddable":true,"href":"https:\/\/www.claret.org\/pt-pt\/wp-json\/wp\/v2\/comments?post=66174"}],"version-history":[{"count":0,"href":"https:\/\/www.claret.org\/pt-pt\/wp-json\/wp\/v2\/posts\/66174\/revisions"}],"wp:featuredmedia":[{"embeddable":true,"href":"https:\/\/www.claret.org\/pt-pt\/wp-json\/wp\/v2\/media\/66162"}],"wp:attachment":[{"href":"https:\/\/www.claret.org\/pt-pt\/wp-json\/wp\/v2\/media?parent=66174"}],"wp:term":[{"taxonomy":"category","embeddable":true,"href":"https:\/\/www.claret.org\/pt-pt\/wp-json\/wp\/v2\/categories?post=66174"},{"taxonomy":"post_tag","embeddable":true,"href":"https:\/\/www.claret.org\/pt-pt\/wp-json\/wp\/v2\/tags?post=66174"}],"curies":[{"name":"wp","href":"https:\/\/api.w.org\/{rel}","templated":true}]}}