{"id":67411,"date":"2019-11-18T08:28:32","date_gmt":"2019-11-18T07:28:32","guid":{"rendered":"https:\/\/www.claret.org\/pessoas-consagradas-ao-servico-da-juventude-um-seminario-sobre-a-exortacao-apostolica-christus-vivit\/"},"modified":"2019-11-18T08:28:32","modified_gmt":"2019-11-18T07:28:32","slug":"pessoas-consagradas-ao-servico-da-juventude-um-seminario-sobre-a-exortacao-apostolica-christus-vivit","status":"publish","type":"post","link":"https:\/\/www.claret.org\/pt-pt\/pessoas-consagradas-ao-servico-da-juventude-um-seminario-sobre-a-exortacao-apostolica-christus-vivit\/","title":{"rendered":"Pessoas consagradas ao servi\u00e7o da Juventude: um Semin\u00e1rio sobre a Exorta\u00e7\u00e3o Apost\u00f3lica Christus Vivit"},"content":{"rendered":"<p><span style=\"font-family: 'book antiqua', palatino, serif; font-size: 14pt;\"><strong>Bangalore, \u00cdndia.<\/strong> O Instituto de Vida Consagrada (ICL) &#8211; Sanyasa organizou um semin\u00e1rio de dois dias sobre o tema \u201c<em>Pessoas consagradas ao servi\u00e7o da juventude: reflex\u00f5es sobre a Exorta\u00e7\u00e3o Apost\u00f3lica Christus Vivit, do Papa Francisco<\/em>\u201d, nos dias 9-10 de novembro de 2019.<\/span><\/p>\n<p><span style=\"font-family: 'book antiqua', palatino, serif; font-size: 14pt;\">O Semin\u00e1rio come\u00e7ou solenemente com a leitura da Palavra de Deus, a o acendimento da l\u00e2mpada e a dan\u00e7a de ora\u00e7\u00e3o pelos estudantes do ICL. O Pe. Arul Jesu Robin, CMF, diretor do ICL, recebeu calorosamente a todos. O Pe. Jacob Arakkal, CMF, Presidente do ICL e Superior Provincial da Prov\u00edncia de Bangalore, fez um discurso inaugural no qual enfatizou a import\u00e2ncia da pastoral juvenil na miss\u00e3o das pessoas consagradas. Cerca de 200 pessoas consagradas, incluindo os novi\u00e7os das comunidades vizinhas, participaram ativamente e se beneficiaram muito do Semin\u00e1rio.<\/span><\/p>\n<p><span style=\"font-family: 'book antiqua', palatino, serif; font-size: 14pt;\">Pessoas consagradas de renome apresentaram algumas contribui\u00e7\u00f5es sobre a Exorta\u00e7\u00e3o Apost\u00f3lica <em>Christus Vivit<\/em> sob diferentes perspectivas. No total, houve seis apresenta\u00e7\u00f5es em papel e dois pain\u00e9is de discuss\u00e3o. No primeiro dia do Semin\u00e1rio, o Pe. George Panthalanickal, CMF, ofereceu uma &#8220;<em>Representa\u00e7\u00e3o b\u00edblica e eclesial da juventude e sua import\u00e2ncia para as pessoas consagradas<\/em>&#8220;. O segundo documento foi sobre &#8220;<em>A juventude de hoje: as pessoas consagradas de amanh\u00e3<\/em>&#8220;, do Pe. George Kannanthanam, CMF. Na sess\u00e3o da tarde, a Irm\u00e3 Michael Rita, ex-Superiora Geral do FSJ das Irm\u00e3s Franciscanas de S\u00e3o Jos\u00e9, apresentou um documento que convidava \u00e0 reflex\u00e3o sobre a &#8220;<em>Mensagem do Papa Francisco aos jovens e sua relev\u00e2ncia para as pessoas consagradas<\/em>&#8220;. A \u00faltima sess\u00e3o foi um painel de discuss\u00e3o, a cargo do Sr. Paul, em que os participantes foram iluminados por um painel animado sobre a juventude de Jesus.<\/span><\/p>\n<p><span style=\"font-family: 'book antiqua', palatino, serif; font-size: 14pt;\">Como no primeiro dia, no segundo dia houve tamb\u00e9m tr\u00eas apresenta\u00e7\u00f5es e um painel de discuss\u00e3o. A primeira apresenta\u00e7\u00e3o foi sobre &#8220;<em>Um chamado \u00e0s pessoas consagradas para a transforma\u00e7\u00e3o \u00e0 luz do Evangelho<\/em>&#8221; por um renomado te\u00f3logo, Pe. Xavier Manavath, CMF, Vig\u00e1rio dos Religiosos na Arquidiocese de Bangalore. O Pe. Sivy Koroth, SDB, especialista em pastoral, desafiou os participantes com sua apresenta\u00e7\u00e3o sobre &#8220;<em>Pastoral da Juventude: um apelo ousado \u00e0s pessoas consagradas<\/em>&#8220;. A \u00faltima apresenta\u00e7\u00e3o do Semin\u00e1rio foi sobre &#8220;<em>Pessoas consagradas a servi\u00e7o da juventude para o discernimento<\/em>&#8220;, da Professora Smitha Gabriel, ASI. O painel de discuss\u00e3o, do Sr. Dino, foi sobre a juventude de Jesus.<\/span><\/p>\n<p><span style=\"font-family: 'book antiqua', palatino, serif; font-size: 14pt;\">De fato, os participantes apreciaram muito o Semin\u00e1rio que lhes permitiu familiarizar-se com o recente documento da Igreja, <em>Christus Vivit<\/em>, sobre a pastoral das pessoas consagradas aos jovens.<\/span><\/p>\n<p>&nbsp;<\/p>\n<p><span style=\"font-family: 'book antiqua', palatino, serif; font-size: 14pt;\">[envira-gallery id=&#8221;67275&#8243;]<\/span><\/p>\n","protected":false},"excerpt":{"rendered":"<p>Bangalore, \u00cdndia. O Instituto de Vida Consagrada (ICL) &#8211; Sanyasa organizou um semin\u00e1rio de dois dias sobre o tema \u201cPessoas consagradas ao servi\u00e7o da juventude: reflex\u00f5es sobre a Exorta\u00e7\u00e3o Apost\u00f3lica Christus Vivit, do Papa Francisco\u201d, nos dias 9-10 de novembro de 2019. O Semin\u00e1rio come\u00e7ou solenemente com a leitura da Palavra de Deus, a o [&hellip;]<\/p>\n","protected":false},"author":2,"featured_media":67286,"comment_status":"closed","ping_status":"closed","sticky":false,"template":"","format":"standard","meta":{"_et_pb_use_builder":"","_et_pb_old_content":"","_et_gb_content_width":"","footnotes":""},"categories":[418],"tags":[],"class_list":["post-67411","post","type-post","status-publish","format-standard","has-post-thumbnail","hentry","category-vida-consagrada-pt-pt"],"jetpack_featured_media_url":"https:\/\/i0.wp.com\/www.claret.org\/wp-content\/uploads\/2019\/11\/ICL-20191110-ICL-Seminar-on-Christus-Vivit-2.jpg?fit=2560%2C1702&ssl=1","jetpack_sharing_enabled":true,"jetpack_shortlink":"https:\/\/wp.me\/pdaBmi-hxh","jetpack_likes_enabled":true,"_links":{"self":[{"href":"https:\/\/www.claret.org\/pt-pt\/wp-json\/wp\/v2\/posts\/67411","targetHints":{"allow":["GET"]}}],"collection":[{"href":"https:\/\/www.claret.org\/pt-pt\/wp-json\/wp\/v2\/posts"}],"about":[{"href":"https:\/\/www.claret.org\/pt-pt\/wp-json\/wp\/v2\/types\/post"}],"author":[{"embeddable":true,"href":"https:\/\/www.claret.org\/pt-pt\/wp-json\/wp\/v2\/users\/2"}],"replies":[{"embeddable":true,"href":"https:\/\/www.claret.org\/pt-pt\/wp-json\/wp\/v2\/comments?post=67411"}],"version-history":[{"count":0,"href":"https:\/\/www.claret.org\/pt-pt\/wp-json\/wp\/v2\/posts\/67411\/revisions"}],"wp:featuredmedia":[{"embeddable":true,"href":"https:\/\/www.claret.org\/pt-pt\/wp-json\/wp\/v2\/media\/67286"}],"wp:attachment":[{"href":"https:\/\/www.claret.org\/pt-pt\/wp-json\/wp\/v2\/media?parent=67411"}],"wp:term":[{"taxonomy":"category","embeddable":true,"href":"https:\/\/www.claret.org\/pt-pt\/wp-json\/wp\/v2\/categories?post=67411"},{"taxonomy":"post_tag","embeddable":true,"href":"https:\/\/www.claret.org\/pt-pt\/wp-json\/wp\/v2\/tags?post=67411"}],"curies":[{"name":"wp","href":"https:\/\/api.w.org\/{rel}","templated":true}]}}