{"id":67843,"date":"2019-11-26T11:46:44","date_gmt":"2019-11-26T10:46:44","guid":{"rendered":"https:\/\/www.claret.org\/fragua-24-com-pastores\/"},"modified":"2019-11-27T15:10:15","modified_gmt":"2019-11-27T14:10:15","slug":"fragua-24-com-pastores","status":"publish","type":"post","link":"https:\/\/www.claret.org\/pt-pt\/fragua-24-com-pastores\/","title":{"rendered":"Fragua 24: COM PASTORES"},"content":{"rendered":"<p><span style=\"font-size: 14pt; font-family: 'book antiqua', palatino, serif;\"><strong>Madri, Espanha<\/strong>. A 24\u00aa edi\u00e7\u00e3o de \u201cLa Fragua\u201d continua avan\u00e7ando no Centro de Renova\u00e7\u00e3o Claretiana de Los Negrales (Madri). Ap\u00f3s ter percorrido a segunda etapa \u201c<em>Seguidores de Jesus em comunidade<\/em>\u201d, que junto com v\u00e1rias din\u00e2micas incluiu a peregrina\u00e7\u00e3o de una semana \u00e0 Terra Santa, est\u00e3o come\u00e7ando a terceira e \u00faltima etapa chamada \u201c<em>Mission\u00e1rios com esp\u00edrito<\/em>\u201d.<\/span><\/p>\n<p><span style=\"font-size: 14pt; font-family: 'book antiqua', palatino, serif;\">Nestes dias houve a visita de dois pastores: Dom Rub\u00e9n Gonz\u00e1lez Medina, CMF, bispo da Diocese de Ponce (Porto Rico), que passar\u00e1 uns dias convivendo com eles e conhecendo a din\u00e2mica de La Fragua; e o Cardeal Aquilino Bocos Merino, CMF, que compartilhou uma tarde de La Fragua, respondendo a diversas perguntas sobre a Igreja e a Congrega\u00e7\u00e3o num clima de di\u00e1logo fraterno.<\/span><\/p>\n<p><span style=\"font-size: 14pt; font-family: 'book antiqua', palatino, serif;\">Foram presen\u00e7as extraordin\u00e1rias neste tempo especial que est\u00e3o vivendo, que alarga seus horizontes eclesiais e congregacionais \u201cat\u00e9 os confins do mundo\u201d, como nosso Fundador gostava de sentir. \u00c2nimo!<\/span><\/p>\n<p>&nbsp;<\/p>\n<p><img data-recalc-dims=\"1\" loading=\"lazy\" decoding=\"async\" class=\"alignnone size-full wp-image-67830\" src=\"https:\/\/i0.wp.com\/www.claret.org\/wp-content\/uploads\/2019\/11\/LF-20191126-Fragua-24-con-pastores-1.jpg?resize=1080%2C717&#038;ssl=1\" alt=\"\" width=\"1080\" height=\"717\" title=\"\" srcset=\"https:\/\/i0.wp.com\/www.claret.org\/wp-content\/uploads\/2019\/11\/LF-20191126-Fragua-24-con-pastores-1.jpg?w=2048&amp;ssl=1 2048w, https:\/\/i0.wp.com\/www.claret.org\/wp-content\/uploads\/2019\/11\/LF-20191126-Fragua-24-con-pastores-1.jpg?resize=300%2C199&amp;ssl=1 300w, https:\/\/i0.wp.com\/www.claret.org\/wp-content\/uploads\/2019\/11\/LF-20191126-Fragua-24-con-pastores-1.jpg?resize=1024%2C680&amp;ssl=1 1024w, https:\/\/i0.wp.com\/www.claret.org\/wp-content\/uploads\/2019\/11\/LF-20191126-Fragua-24-con-pastores-1.jpg?resize=768%2C510&amp;ssl=1 768w, https:\/\/i0.wp.com\/www.claret.org\/wp-content\/uploads\/2019\/11\/LF-20191126-Fragua-24-con-pastores-1.jpg?resize=1536%2C1020&amp;ssl=1 1536w, https:\/\/i0.wp.com\/www.claret.org\/wp-content\/uploads\/2019\/11\/LF-20191126-Fragua-24-con-pastores-1.jpg?resize=1080%2C717&amp;ssl=1 1080w\" sizes=\"(max-width: 1080px) 100vw, 1080px\" \/><\/p>\n","protected":false},"excerpt":{"rendered":"<p>Madri, Espanha. A 24\u00aa edi\u00e7\u00e3o de \u201cLa Fragua\u201d continua avan\u00e7ando no Centro de Renova\u00e7\u00e3o Claretiana de Los Negrales (Madri). Ap\u00f3s ter percorrido a segunda etapa \u201cSeguidores de Jesus em comunidade\u201d, que junto com v\u00e1rias din\u00e2micas incluiu a peregrina\u00e7\u00e3o de una semana \u00e0 Terra Santa, est\u00e3o come\u00e7ando a terceira e \u00faltima etapa chamada \u201cMission\u00e1rios com esp\u00edrito\u201d. [&hellip;]<\/p>\n","protected":false},"author":2,"featured_media":67841,"comment_status":"closed","ping_status":"closed","sticky":false,"template":"","format":"standard","meta":{"_et_pb_use_builder":"","_et_pb_old_content":"","_et_gb_content_width":"","footnotes":""},"categories":[621],"tags":[],"class_list":["post-67843","post","type-post","status-publish","format-standard","has-post-thumbnail","hentry","category-la-fragua-pt-pt"],"jetpack_featured_media_url":"https:\/\/i0.wp.com\/www.claret.org\/wp-content\/uploads\/2019\/11\/LF-20191126-Fragua-24-con-pastores-2.jpg?fit=2560%2C1708&ssl=1","jetpack_sharing_enabled":true,"jetpack_shortlink":"https:\/\/wp.me\/pdaBmi-hEf","jetpack_likes_enabled":true,"_links":{"self":[{"href":"https:\/\/www.claret.org\/pt-pt\/wp-json\/wp\/v2\/posts\/67843","targetHints":{"allow":["GET"]}}],"collection":[{"href":"https:\/\/www.claret.org\/pt-pt\/wp-json\/wp\/v2\/posts"}],"about":[{"href":"https:\/\/www.claret.org\/pt-pt\/wp-json\/wp\/v2\/types\/post"}],"author":[{"embeddable":true,"href":"https:\/\/www.claret.org\/pt-pt\/wp-json\/wp\/v2\/users\/2"}],"replies":[{"embeddable":true,"href":"https:\/\/www.claret.org\/pt-pt\/wp-json\/wp\/v2\/comments?post=67843"}],"version-history":[{"count":0,"href":"https:\/\/www.claret.org\/pt-pt\/wp-json\/wp\/v2\/posts\/67843\/revisions"}],"wp:featuredmedia":[{"embeddable":true,"href":"https:\/\/www.claret.org\/pt-pt\/wp-json\/wp\/v2\/media\/67841"}],"wp:attachment":[{"href":"https:\/\/www.claret.org\/pt-pt\/wp-json\/wp\/v2\/media?parent=67843"}],"wp:term":[{"taxonomy":"category","embeddable":true,"href":"https:\/\/www.claret.org\/pt-pt\/wp-json\/wp\/v2\/categories?post=67843"},{"taxonomy":"post_tag","embeddable":true,"href":"https:\/\/www.claret.org\/pt-pt\/wp-json\/wp\/v2\/tags?post=67843"}],"curies":[{"name":"wp","href":"https:\/\/api.w.org\/{rel}","templated":true}]}}