{"id":68888,"date":"2019-11-29T00:47:00","date_gmt":"2019-11-28T23:47:00","guid":{"rendered":"https:\/\/www.claret.org\/profissao-perpetua-do-estudante-ronell-joh-recomono-patrocenio-cmf\/"},"modified":"2019-11-29T00:47:00","modified_gmt":"2019-11-28T23:47:00","slug":"profissao-perpetua-do-estudante-ronell-joh-recomono-patrocenio-cmf","status":"publish","type":"post","link":"https:\/\/www.claret.org\/pt-pt\/profissao-perpetua-do-estudante-ronell-joh-recomono-patrocenio-cmf\/","title":{"rendered":"Profiss\u00e3o perp\u00e9tua do Estudante Ronell Joh Recomono Patrocenio, CMF"},"content":{"rendered":"<p><strong>Montevid\u00e9u, Uruguai.<\/strong> No dia 23 de novembro de 2019, o Estudante filipino Ronell John Recomono Patrocenio, CMF da Prov\u00edncia Claretiana de San Jose del Sur, fez seus Votos Perp\u00e9tuos nas m\u00e3os do Pe. Mario Guti\u00e9rrez Medina, CMF, Superior Provincial do referido Organismo, na Par\u00f3quia Imaculado Cora\u00e7\u00e3o de Maria, San Pancracio, Calle Inca, 20140, La Comercial, Montevid\u00e9u.<\/p>\n<p>&nbsp;<\/p>\n<p>[ID da galeria-envira = &#8220;68803&#8221;]<\/p>\n<p>&nbsp;<\/p>\n","protected":false},"excerpt":{"rendered":"<p>Montevid\u00e9u, Uruguai. No dia 23 de novembro de 2019, o Estudante filipino Ronell John Recomono Patrocenio, CMF da Prov\u00edncia Claretiana de San Jose del Sur, fez seus Votos Perp\u00e9tuos nas m\u00e3os do Pe. Mario Guti\u00e9rrez Medina, CMF, Superior Provincial do referido Organismo, na Par\u00f3quia Imaculado Cora\u00e7\u00e3o de Maria, San Pancracio, Calle Inca, 20140, La Comercial, [&hellip;]<\/p>\n","protected":false},"author":2,"featured_media":68863,"comment_status":"closed","ping_status":"closed","sticky":false,"template":"","format":"standard","meta":{"_et_pb_use_builder":"","_et_pb_old_content":"","_et_gb_content_width":"","footnotes":""},"categories":[579,393],"tags":[],"class_list":["post-68888","post","type-post","status-publish","format-standard","has-post-thumbnail","hentry","category-profissoes","category-san-jose-del-sur-pt-pt"],"jetpack_featured_media_url":"https:\/\/i0.wp.com\/www.claret.org\/wp-content\/uploads\/2019\/12\/SJ-20191123-Perpetual-of-Perpetual-Profession-Ronell-John-Recomono-1.jpg?fit=1980%2C1320&ssl=1","jetpack_sharing_enabled":true,"jetpack_shortlink":"https:\/\/wp.me\/pdaBmi-hV6","jetpack_likes_enabled":true,"_links":{"self":[{"href":"https:\/\/www.claret.org\/pt-pt\/wp-json\/wp\/v2\/posts\/68888","targetHints":{"allow":["GET"]}}],"collection":[{"href":"https:\/\/www.claret.org\/pt-pt\/wp-json\/wp\/v2\/posts"}],"about":[{"href":"https:\/\/www.claret.org\/pt-pt\/wp-json\/wp\/v2\/types\/post"}],"author":[{"embeddable":true,"href":"https:\/\/www.claret.org\/pt-pt\/wp-json\/wp\/v2\/users\/2"}],"replies":[{"embeddable":true,"href":"https:\/\/www.claret.org\/pt-pt\/wp-json\/wp\/v2\/comments?post=68888"}],"version-history":[{"count":0,"href":"https:\/\/www.claret.org\/pt-pt\/wp-json\/wp\/v2\/posts\/68888\/revisions"}],"wp:featuredmedia":[{"embeddable":true,"href":"https:\/\/www.claret.org\/pt-pt\/wp-json\/wp\/v2\/media\/68863"}],"wp:attachment":[{"href":"https:\/\/www.claret.org\/pt-pt\/wp-json\/wp\/v2\/media?parent=68888"}],"wp:term":[{"taxonomy":"category","embeddable":true,"href":"https:\/\/www.claret.org\/pt-pt\/wp-json\/wp\/v2\/categories?post=68888"},{"taxonomy":"post_tag","embeddable":true,"href":"https:\/\/www.claret.org\/pt-pt\/wp-json\/wp\/v2\/tags?post=68888"}],"curies":[{"name":"wp","href":"https:\/\/api.w.org\/{rel}","templated":true}]}}