{"id":69099,"date":"2019-12-03T16:27:56","date_gmt":"2019-12-03T15:27:56","guid":{"rendered":"https:\/\/www.claret.org\/reuniao-do-governo-geral-com-os-respectivos-governos-dos-organismos-maiores-de-micla\/"},"modified":"2019-12-03T20:33:38","modified_gmt":"2019-12-03T19:33:38","slug":"reuniao-do-governo-geral-com-os-respectivos-governos-dos-organismos-maiores-de-micla","status":"publish","type":"post","link":"https:\/\/www.claret.org\/pt-pt\/reuniao-do-governo-geral-com-os-respectivos-governos-dos-organismos-maiores-de-micla\/","title":{"rendered":"Reuni\u00e3o do Governo Geral com os respectivos governos dos Organismos Maiores de MICLA"},"content":{"rendered":"<p><strong>Medellin, Col\u00f4mbia<\/strong>. Como ocorreu nos \u00faltimos dois anos, ap\u00f3s as Visitas Can\u00f4nicas gerais do ano inteiro a um continente, o Governo Geral organiza uma reuni\u00e3o com os governos dos Organismos Maiores desse continente no final do ano. Na segunda-feira, 2 de dezembro de 2019, foi iniciada uma reuni\u00e3o com os Mission\u00e1rios Claretianos do continente Americano, ou comumente conhecida na Congrega\u00e7\u00e3o como MICLA. Esta c\u00fapula, que est\u00e1 sendo realizada na Casa de Retiros Villa Claret em Medell\u00edn, continuar\u00e1 at\u00e9 o dia 12 de dezembro e seu tema \u00e9 \u201c<em>Testemunhas e Mensageiro da Alegria do Evangelho na Am\u00e9rica<\/em>\u201d. O principal objetivo \u00e9 discernir juntos os desafios \u00e0 vida mission\u00e1ria na Am\u00e9rica, bem como as respostas correspondentes ap\u00f3s as Visitas Can\u00f4nicas realizadas no Continente e \u00e0 luz do XXV Cap\u00edtulo Geral.<\/p>\n<p>&nbsp;<\/p>\n<p>Durante o primeiro dia, a Prov\u00edncia Claretiana da Col\u00f4mbia &#8211; Venezuela transmitiu ao vivo a Missa de abertura e as sess\u00f5es de abertura. Abaixo, voc\u00ea encontra os v\u00eddeos dos discursos inaugurais e da homilia durante a Missa Inaugural:<\/p>\n<p>&nbsp;<\/p>\n<p>Homilia do Presidente da MICLA, Pe. Ismael Montero Toyos, CMF, Superior Provincial da Am\u00e9rica Central, que interromperam seu programa Fr\u00e1gua em vista desta reuni\u00e3o:<\/p>\n<p>&nbsp;<\/p>\n<p>Boas-vindas do Pe. Luis Armando Valencia, CMF, Superior Provincial da Col\u00f4mbia &#8211; Venezuela, organismo anfitri\u00e3o:<\/p>\n<p>&nbsp;<\/p>\n<p>Discurso de abertura do Pe. Enrique Mascorro, CMF, Superior Provincial do M\u00e9xico, em nome do Governo da Confer\u00eancia de MICLA. Ele tamb\u00e9m leu a mensagem do Secret\u00e1rio Executivo do MICLA, Pe. Jos\u00e9 Vidal P\u00e9rez, CMF<\/p>\n<p>&nbsp;<\/p>\n<p>Discurso de abertura do Pe. Mathew Vattamattam, CMF, Superior Geral da Congrega\u00e7\u00e3o:<\/p>\n<p>&nbsp;<\/p>\n<p>Para a cr\u00f4nica di\u00e1ria e atualiza\u00e7\u00f5es, visite o site oficial da Prov\u00edncia da Col\u00f4mbia &#8211; Venezuela em <a href=\"http:\/\/cmfcolven.org\" rel=\"nofollow noopener\" target=\"_blank\">http:\/\/cmfcolven.org<\/a><\/p>\n<p>&nbsp;<\/p>\n<p>&nbsp;<\/p>\n<p>[envira-gallery id=&#8221;68891&#8243;]<\/p>\n","protected":false},"excerpt":{"rendered":"<p>Medellin, Col\u00f4mbia. Como ocorreu nos \u00faltimos dois anos, ap\u00f3s as Visitas Can\u00f4nicas gerais do ano inteiro a um continente, o Governo Geral organiza uma reuni\u00e3o com os governos dos Organismos Maiores desse continente no final do ano. Na segunda-feira, 2 de dezembro de 2019, foi iniciada uma reuni\u00e3o com os Mission\u00e1rios Claretianos do continente Americano, [&hellip;]<\/p>\n","protected":false},"author":2,"featured_media":68914,"comment_status":"closed","ping_status":"closed","sticky":false,"template":"","format":"standard","meta":{"_et_pb_use_builder":"","_et_pb_old_content":"","_et_gb_content_width":"","footnotes":""},"categories":[518,354],"tags":[],"class_list":["post-69099","post","type-post","status-publish","format-standard","has-post-thumbnail","hentry","category-governo-geral","category-micla-pt-pt"],"jetpack_featured_media_url":"https:\/\/i0.wp.com\/www.claret.org\/wp-content\/uploads\/2019\/12\/MICLA-20191202-GG-Meeting-with-MICLA-Governments-11.jpg?fit=2560%2C1707&ssl=1","jetpack_sharing_enabled":true,"jetpack_shortlink":"https:\/\/wp.me\/pdaBmi-hYv","jetpack_likes_enabled":true,"_links":{"self":[{"href":"https:\/\/www.claret.org\/pt-pt\/wp-json\/wp\/v2\/posts\/69099","targetHints":{"allow":["GET"]}}],"collection":[{"href":"https:\/\/www.claret.org\/pt-pt\/wp-json\/wp\/v2\/posts"}],"about":[{"href":"https:\/\/www.claret.org\/pt-pt\/wp-json\/wp\/v2\/types\/post"}],"author":[{"embeddable":true,"href":"https:\/\/www.claret.org\/pt-pt\/wp-json\/wp\/v2\/users\/2"}],"replies":[{"embeddable":true,"href":"https:\/\/www.claret.org\/pt-pt\/wp-json\/wp\/v2\/comments?post=69099"}],"version-history":[{"count":0,"href":"https:\/\/www.claret.org\/pt-pt\/wp-json\/wp\/v2\/posts\/69099\/revisions"}],"wp:featuredmedia":[{"embeddable":true,"href":"https:\/\/www.claret.org\/pt-pt\/wp-json\/wp\/v2\/media\/68914"}],"wp:attachment":[{"href":"https:\/\/www.claret.org\/pt-pt\/wp-json\/wp\/v2\/media?parent=69099"}],"wp:term":[{"taxonomy":"category","embeddable":true,"href":"https:\/\/www.claret.org\/pt-pt\/wp-json\/wp\/v2\/categories?post=69099"},{"taxonomy":"post_tag","embeddable":true,"href":"https:\/\/www.claret.org\/pt-pt\/wp-json\/wp\/v2\/tags?post=69099"}],"curies":[{"name":"wp","href":"https:\/\/api.w.org\/{rel}","templated":true}]}}