{"id":69250,"date":"2019-12-05T15:06:00","date_gmt":"2019-12-05T14:06:00","guid":{"rendered":"https:\/\/www.claret.org\/congresso-da-palavra-2019-viver-conforme-tua-palavra\/"},"modified":"2019-12-05T15:06:00","modified_gmt":"2019-12-05T14:06:00","slug":"congresso-da-palavra-2019-viver-conforme-tua-palavra","status":"publish","type":"post","link":"https:\/\/www.claret.org\/pt-pt\/congresso-da-palavra-2019-viver-conforme-tua-palavra\/","title":{"rendered":"Congresso da Palavra 2019: \u201cViver conforme Tua Palavra\u201d"},"content":{"rendered":"<p><strong>Quezon City, Filipinas.<\/strong> Cristo est\u00e1 vivo! Ele \u00e9 a nossa esperan\u00e7a&#8230; Estas s\u00e3o as palavras do Papa Francisco em sua nova exorta\u00e7\u00e3o, Christus Vivit. O Papa n\u00e3o se dirige apenas aos jovens da Igreja, mas a todos. Essas palavras s\u00e3o dirigidas ao mundo que enfrenta a batalha da solid\u00e3o, manipula\u00e7\u00e3o, explora\u00e7\u00e3o e perda do sentido da vida. Um mundo bombardeado por mensagens r\u00e1pidas e avassaladoras que n\u00e3o oferecem significado e que nem mesmo t\u00eam a verdade sobre si mesmo, sobre os outros ou sobre o mundo.<\/p>\n<p>&nbsp;<\/p>\n<p>No dia 30 de novembro de 2019, participantes de todas as Filipinas participaram no Audit\u00f3rio do Col\u00e9gio Claret da Cidade de Quezon do Congresso da Palavra 2019 (WordConPH). O WordConPH \u00e9 a miss\u00e3o da Comiss\u00e3o B\u00edblica dos Mission\u00e1rios Claretianos das Filipinas como servidores da Palavra por meio da Claretian Communications Foundation, Inc. e do Col\u00e9gio Claret de Quezon City. O tema do congresso deste ano foi &#8220;&#8230; viver segundo a tua palavra&#8221; (Salmo 119, 9b). Houve quatro (4) conversas com uma sala (sala de estar) ap\u00f3s cada duas (2) conversas. Foi na sala onde os participantes interagiram com os palestrantes para aprofundar e compartilhar suas reflex\u00f5es sobre os temas apresentados.<\/p>\n<p>&nbsp;<\/p>\n<p>Kabataang Claret (Juventude Claret) da Par\u00f3quia do Imaculado Cora\u00e7\u00e3o de Maria abriu o congresso com a entroniza\u00e7\u00e3o da B\u00edblia Sagrada.<\/p>\n<p>&nbsp;<\/p>\n<p>O Dr. Jos\u00e9 Mario B. Maximiano, proferiu a primeira palestra sobre &#8220;A Igreja nas Filipinas, 500 anos da Igreja Cat\u00f3lica Romana segundo o mandato de Jesus: ide pelo mundo todo e proclamai a Boa Not\u00edcia&#8221; (Mc 16,15). Essa conversa foi muito oportuna, j\u00e1 que as Filipinas celebrar\u00e3o 500 anos de cristianismo em 2021.<\/p>\n<p>&nbsp;<\/p>\n<p>O Pe. Cristino R. Pine, OFM, apresentou o texto de Dt 6, 4-9 em sua palestra &#8220;Ensinar a Palavra: Manual de Instru\u00e7\u00f5es da Vida &#8211; Uma An\u00e1lise de Dt 6, 4-9&#8221;.<\/p>\n<p>&nbsp;<\/p>\n<p>O Pe. Elias L. Ayuban Jr., CMF, Superior Provincial dos Mission\u00e1rios Claretianos da Prov\u00edncia das Filipinas, falou sobre &#8220;Tornar-se Participante do Esp\u00edrito e n\u00e3o na Letra da Lei&#8221;.<\/p>\n<p>&nbsp;<\/p>\n<p>&#8220;A Palavra e os problemas e desafios morais de hoje&#8221; foi o \u00faltimo tema do dia, proferido por Dom Sofronio Bancud, SSS, DD, Bispo de Cabanatuan, Nueva \u00c9cija e Presidente da Comiss\u00e3o Episcopal de Pastoral B\u00edblica.<\/p>\n<p>&nbsp;<\/p>\n<p>Os respons\u00e1veis pelas rea\u00e7\u00f5es foram o Pe. Jonathan A. Bitoy, CMF, Dr. Michael Demetrius H. Asis, Sr. Mary Epifania Brasil, OP, e Sr. Aurelio Joaquin. A sra. Rosario Garc\u00eda e o Sr. Alvin Macaranas moderaram as salas.<\/p>\n<p>&nbsp;<\/p>\n<p>O WordConPH culminou com a celebra\u00e7\u00e3o da Sagrada Eucaristia presidida pelo bispo Dom Bancud. Os participantes deixaram a confer\u00eancia cheia de esperan\u00e7a, guiados pela Palavra e preparados e dispostos a viver de acordo com a Palavra.<\/p>\n","protected":false},"excerpt":{"rendered":"<p>Quezon City, Filipinas. Cristo est\u00e1 vivo! Ele \u00e9 a nossa esperan\u00e7a&#8230; Estas s\u00e3o as palavras do Papa Francisco em sua nova exorta\u00e7\u00e3o, Christus Vivit. O Papa n\u00e3o se dirige apenas aos jovens da Igreja, mas a todos. Essas palavras s\u00e3o dirigidas ao mundo que enfrenta a batalha da solid\u00e3o, manipula\u00e7\u00e3o, explora\u00e7\u00e3o e perda do sentido [&hellip;]<\/p>\n","protected":false},"author":2,"featured_media":69237,"comment_status":"closed","ping_status":"closed","sticky":false,"template":"","format":"standard","meta":{"_et_pb_use_builder":"","_et_pb_old_content":"","_et_gb_content_width":"","footnotes":""},"categories":[413,214],"tags":[],"class_list":["post-69250","post","type-post","status-publish","format-standard","has-post-thumbnail","hentry","category-pastoral-biblica-pt-pt","category-fr-rhoel-gallardo-pt-pt"],"jetpack_featured_media_url":"https:\/\/i0.wp.com\/www.claret.org\/wp-content\/uploads\/2019\/12\/WordCon.jpg?fit=1080%2C597&ssl=1","jetpack_sharing_enabled":true,"jetpack_shortlink":"https:\/\/wp.me\/pdaBmi-i0W","jetpack_likes_enabled":true,"_links":{"self":[{"href":"https:\/\/www.claret.org\/pt-pt\/wp-json\/wp\/v2\/posts\/69250","targetHints":{"allow":["GET"]}}],"collection":[{"href":"https:\/\/www.claret.org\/pt-pt\/wp-json\/wp\/v2\/posts"}],"about":[{"href":"https:\/\/www.claret.org\/pt-pt\/wp-json\/wp\/v2\/types\/post"}],"author":[{"embeddable":true,"href":"https:\/\/www.claret.org\/pt-pt\/wp-json\/wp\/v2\/users\/2"}],"replies":[{"embeddable":true,"href":"https:\/\/www.claret.org\/pt-pt\/wp-json\/wp\/v2\/comments?post=69250"}],"version-history":[{"count":0,"href":"https:\/\/www.claret.org\/pt-pt\/wp-json\/wp\/v2\/posts\/69250\/revisions"}],"wp:featuredmedia":[{"embeddable":true,"href":"https:\/\/www.claret.org\/pt-pt\/wp-json\/wp\/v2\/media\/69237"}],"wp:attachment":[{"href":"https:\/\/www.claret.org\/pt-pt\/wp-json\/wp\/v2\/media?parent=69250"}],"wp:term":[{"taxonomy":"category","embeddable":true,"href":"https:\/\/www.claret.org\/pt-pt\/wp-json\/wp\/v2\/categories?post=69250"},{"taxonomy":"post_tag","embeddable":true,"href":"https:\/\/www.claret.org\/pt-pt\/wp-json\/wp\/v2\/tags?post=69250"}],"curies":[{"name":"wp","href":"https:\/\/api.w.org\/{rel}","templated":true}]}}