{"id":69530,"date":"2019-12-04T05:40:58","date_gmt":"2019-12-04T04:40:58","guid":{"rendered":"https:\/\/www.claret.org\/encontro-do-governo-geral-com-os-governos-dos-organismos-maiores-de-micla-cronica-do-dia-3-de-dezembro\/"},"modified":"2019-12-04T05:40:58","modified_gmt":"2019-12-04T04:40:58","slug":"encontro-do-governo-geral-com-os-governos-dos-organismos-maiores-de-micla-cronica-do-dia-3-de-dezembro","status":"publish","type":"post","link":"https:\/\/www.claret.org\/pt-pt\/encontro-do-governo-geral-com-os-governos-dos-organismos-maiores-de-micla-cronica-do-dia-3-de-dezembro\/","title":{"rendered":"Encontro do Governo Geral com os Governos dos Organismos Maiores de MICLA: Cr\u00f4nica do dia 3 de dezembro"},"content":{"rendered":"<p><span style=\"font-family: 'times new roman', times, serif; font-size: 14pt;\">O segundo dia da reuni\u00e3o come\u00e7a com a ora\u00e7\u00e3o das Laudes no marco da mem\u00f3ria de S\u00e3o Francisco Xavier. O momento espiritual foi animado pelos membros do Governo Provincial dos EUA-Canad\u00e1, e diferentes partes da liturgia foram em espanhol e ingl\u00eas. Ap\u00f3s o caf\u00e9 da manh\u00e3, come\u00e7amos o dia de hoje com a modera\u00e7\u00e3o do irm\u00e3o Carlos Verga que imediatamente convida a ler a cr\u00f4nica do dia anterior e refletir sobre os n\u00edveis individual e de grupo, sobre as li\u00e7\u00f5es aprendidas no \u00faltimo dia, que se recolheu nas express\u00f5es diversidade, sinodalidade, podar a vinha [1] e interculturalidade.<\/span><\/p>\n<p><span style=\"font-family: 'times new roman', times, serif; font-size: 14pt;\">Ap\u00f3s esta introdu\u00e7\u00e3o, come\u00e7amos a contemplar o que acontece em nossos organismos. A din\u00e2mica que se seguiu foi a apresenta\u00e7\u00e3o de cada um dos organismos, a cada duas exposi\u00e7\u00f5es houve um momento de sil\u00eancio para trazer ao cora\u00e7\u00e3o as resson\u00e2ncias que este trabalho provocou. A ordem de apresenta\u00e7\u00e3o foi a seguinte: 1) San Jos\u00e9 del Sur, 2) Peru-Bol\u00edvia, 3) Brasil, 4) Col\u00f4mbia Oriental-Equador, 5) Col\u00f4mbia-Venezuela, 6) Am\u00e9rica Central, 7) Antilhas, 8) M\u00e9xico, 9) EUA-Canad\u00e1.<\/span><\/p>\n<p><span style=\"font-family: 'times new roman', times, serif; font-size: 14pt;\">No compartir dos organismos, descobrimos que as visitas general\u00edcias e periciais foram um espa\u00e7o de revitaliza\u00e7\u00e3o mission\u00e1ria e de comunh\u00e3o congregacional, embora muitos claretianos esperassem compartilhar mais tempo com os visitadores. Na maioria dos organismos, h\u00e1 um enriquecimento com a presen\u00e7a de irm\u00e3os de outras culturas, o compromisso com a pastoral vocacional e a viv\u00eancia dos processos de forma\u00e7\u00e3o a partir dos processos de transforma\u00e7\u00e3o do recente Cap\u00edtulo Geral, a entrega mission\u00e1ria de muitos claretianos e a alegria pela voca\u00e7\u00e3o recebida, a experi\u00eancia natural da miss\u00e3o compartilhada e a fecundidade e a criatividade mission\u00e1ria em v\u00e1rios apostolados em todo o continente. Da mesma forma, em todos os organismos existem planos de desenvolvimento econ\u00f4mico e financeiro que desafiam a comunh\u00e3o de bens para as necessidades da miss\u00e3o, a informa\u00e7\u00e3o cont\u00e1bil e a legista\u00e7\u00e3o dos pa\u00edses. No entanto, existe uma preocupa\u00e7\u00e3o com a falta de pessoal nos organismos, algumas atitudes de pouca disponibilidade mission\u00e1ria para ir a locais mission\u00e1rios de vanguarda e a falta de novas posi\u00e7\u00f5es mission\u00e1rias. Tamb\u00e9m os organismos compartilharam poss\u00edveis desafios que podemos enfrentar juntos em nosso contexto como Mission\u00e1rios Claretianos da Am\u00e9rica. Este momento de contemplar o que acontece em nossos organismos concluiu com um di\u00e1logo em pequenos grupos sobre o que foi encontrado em comum com os organismos.<\/span><\/p>\n<p><span style=\"font-family: 'times new roman', times, serif; font-size: 14pt;\">\u00c0 tarde, o Pe. Ignacio Madera Vargas, SDS nos acompanhou sobre o tema Contexto Sociopol\u00edtico e Eclesial do Continente. O Pe. Madera nos pede que expressemos em uma frase ou palavra a realidade, a vida religiosa e a Igreja nos pa\u00edses onde estamos. Depois de ouvir nossas respostas, ele nos apresenta alguns elementos da realidade, como a polariza\u00e7\u00e3o, a cidadania cansada da destrui\u00e7\u00e3o do ecossistema, a injusti\u00e7a gerada pelas estruturas de pecado. Do exposto, nos prop\u00f5e como desafios a vida fraterna desde a diversidade, buscar e propor alternativas para as comunidades populares, atrav\u00e9s da an\u00e1lise de mecanismos que nos permitem entender a realidade, descobrir a contribui\u00e7\u00e3o da teologia latino-americana para a teologia em geral, na recupera\u00e7\u00e3o da op\u00e7\u00e3o pelos pobres e na media\u00e7\u00e3o das ci\u00eancias sociais cr\u00edticas.<\/span><\/p>\n<p><span style=\"font-family: 'times new roman', times, serif; font-size: 14pt;\">Tamb\u00e9m por meio de um t\u00f3pico intitulado quebra de paradigmas, convida a vida religiosa a radicalizar o chamado de Jesus a partir da proposta evang\u00e9lica, a constru\u00e7\u00e3o de um modelo comunit\u00e1rio de vida semelhante ao das comunidades crist\u00e3s primitivas, com a capacidade de ajudar outras pessoas a serem aut\u00eanticas, passar de comunidades aut\u00e1rquicas a comunidades que demonstram unidade na diversidade, entusiarmar-nos com a miss\u00e3o e o carisma de nossa comunidade. Nos lembra que seguimos o Crucificado que mant\u00e9m sua confian\u00e7a no Pai, renuncia a qualquer reivindica\u00e7\u00e3o de sucesso e n\u00e3o rastreia as estruturas da sociedade, somos chamados a uma vida religiosa alegre e a descobrir o valor dos diferentes sujeitos minorit\u00e1rios.<\/span><\/p>\n<p><span style=\"font-family: 'times new roman', times, serif; font-size: 14pt;\">O Pe. Ignacio Madera, em sua conclus\u00e3o, nos desafia a viver a vida religiosa com realismo e maturidade, n\u00e3o a viver na adolesc\u00eancia ou com o complexo de Peter Pan, para n\u00e3o sermos decr\u00e9pitos, mas sermos s\u00e1bios; superar a mentalidade do cristianismo e a autorreferencialidade, construir novos processos de forma\u00e7\u00e3o permanente, que especialize os religiosos para caminhar com o povo, que forme o povo para evitar o clericalismo e viver como religioso uma verdadeira interculturalidade.<\/span><\/p>\n<p><span style=\"font-family: 'times new roman', times, serif; font-size: 14pt;\">No final do dia de trabalho, o Ir. Carlos Verga convida o grupo a compartilhar sobre a caminhada da reuni\u00e3o e como nos sentimos. As interven\u00e7\u00f5es dos participantes da reuni\u00e3o focaram nos seguintes aspectos:  1) Vale a pena refletir sobre a realidade do continente. Como nos pronunciamos? Como queremos viver a voca\u00e7\u00e3o claretiana? Como nos posicionamos no momento em que estamos vivendo? Como a sociedade da cultura l\u00edquida permeia nossa resposta como mission\u00e1rios nessa realidade? 2) Os espa\u00e7os de compartilhamento de organismos e do horizonte da vida religiosa nos questionam como congrega\u00e7\u00e3o e como MICLA. 3) Como a Igreja e a congrega\u00e7\u00e3o estamos ouvindo e deixando falar os que reivindicam seus direitos? 4) \u00c9 pertinente tomar uma decis\u00e3o radical em nossa miss\u00e3o a partir da realidade do continente e ouvir as vozes dos destinat\u00e1rios pelos quais optamos. 5) Mover-nos na dial\u00e9tica da globaliza\u00e7\u00e3o e da localiza\u00e7\u00e3o, n\u00e3o ter medo de nos diferenciar e manter-nos fi\u00e9is \u00e0 unidade congregacional. Ap\u00f3s as interpela\u00e7\u00f5es dos participantes, fomos <\/span>convidados a elaborar nossa pr\u00f3pria s\u00edntese e o Pe. Geral nos convida a refletir sobre que tipo de presen\u00e7a o Senhor nos pede neste momento.<\/p>\n<p>A Eucaristia foi presidida pelo Pe. Jos\u00e9 Sanchez e a homilia pelo Pe. Rosendo Urrabazo, que enfatizou o tema da alegria, em n\u00edvel pessoal, no Filho de Deus e nos Claretianos.<\/p>\n<p>&nbsp;<\/p>\n<p>Dar\u00edo Alonso Carvajal Aranda, cmf<\/p>\n<p>Cronista<\/p>\n<p>&nbsp;<\/p>\n<p>[1] O Pe. Geral expressou em sua sauda\u00e7\u00e3o inicial que Am\u00e9rica, a Vinha Jovem para Claret, depois de 150 anos, \u00e9 uma vinha adulta, e da\u00ed a express\u00e3o \u201cpodar a vinha\u201d para que d\u00ea melhores frutos.<\/p>\n","protected":false},"excerpt":{"rendered":"<p>O segundo dia da reuni\u00e3o come\u00e7a com a ora\u00e7\u00e3o das Laudes no marco da mem\u00f3ria de S\u00e3o Francisco Xavier. O momento espiritual foi animado pelos membros do Governo Provincial dos EUA-Canad\u00e1, e diferentes partes da liturgia foram em espanhol e ingl\u00eas. Ap\u00f3s o caf\u00e9 da manh\u00e3, come\u00e7amos o dia de hoje com a modera\u00e7\u00e3o do [&hellip;]<\/p>\n","protected":false},"author":2,"featured_media":69268,"comment_status":"closed","ping_status":"closed","sticky":false,"template":"","format":"standard","meta":{"_et_pb_use_builder":"","_et_pb_old_content":"","_et_gb_content_width":"","footnotes":""},"categories":[354],"tags":[],"class_list":["post-69530","post","type-post","status-publish","format-standard","has-post-thumbnail","hentry","category-micla-pt-pt"],"jetpack_featured_media_url":"https:\/\/i0.wp.com\/www.claret.org\/wp-content\/uploads\/2019\/12\/dec-3.jpg?fit=2048%2C1365&ssl=1","jetpack_sharing_enabled":true,"jetpack_shortlink":"https:\/\/wp.me\/pdaBmi-i5s","jetpack_likes_enabled":true,"_links":{"self":[{"href":"https:\/\/www.claret.org\/pt-pt\/wp-json\/wp\/v2\/posts\/69530","targetHints":{"allow":["GET"]}}],"collection":[{"href":"https:\/\/www.claret.org\/pt-pt\/wp-json\/wp\/v2\/posts"}],"about":[{"href":"https:\/\/www.claret.org\/pt-pt\/wp-json\/wp\/v2\/types\/post"}],"author":[{"embeddable":true,"href":"https:\/\/www.claret.org\/pt-pt\/wp-json\/wp\/v2\/users\/2"}],"replies":[{"embeddable":true,"href":"https:\/\/www.claret.org\/pt-pt\/wp-json\/wp\/v2\/comments?post=69530"}],"version-history":[{"count":0,"href":"https:\/\/www.claret.org\/pt-pt\/wp-json\/wp\/v2\/posts\/69530\/revisions"}],"wp:featuredmedia":[{"embeddable":true,"href":"https:\/\/www.claret.org\/pt-pt\/wp-json\/wp\/v2\/media\/69268"}],"wp:attachment":[{"href":"https:\/\/www.claret.org\/pt-pt\/wp-json\/wp\/v2\/media?parent=69530"}],"wp:term":[{"taxonomy":"category","embeddable":true,"href":"https:\/\/www.claret.org\/pt-pt\/wp-json\/wp\/v2\/categories?post=69530"},{"taxonomy":"post_tag","embeddable":true,"href":"https:\/\/www.claret.org\/pt-pt\/wp-json\/wp\/v2\/tags?post=69530"}],"curies":[{"name":"wp","href":"https:\/\/api.w.org\/{rel}","templated":true}]}}