{"id":69745,"date":"2019-12-16T14:20:49","date_gmt":"2019-12-16T13:20:49","guid":{"rendered":"https:\/\/www.claret.org\/agradecimento-pelos-125-anos-de-presenca-a-ultima-assembleia-provincial-da-catalunha\/"},"modified":"2019-12-16T14:20:49","modified_gmt":"2019-12-16T13:20:49","slug":"agradecimento-pelos-125-anos-de-presenca-a-ultima-assembleia-provincial-da-catalunha","status":"publish","type":"post","link":"https:\/\/www.claret.org\/pt-pt\/agradecimento-pelos-125-anos-de-presenca-a-ultima-assembleia-provincial-da-catalunha\/","title":{"rendered":"Agradecimento pelos 125 anos de presen\u00e7a: a \u00faltima Assembleia Provincial da Catalunha"},"content":{"rendered":"<p><strong>Vic, Espanha<\/strong>. Os Mission\u00e1rios Claretianos da Prov\u00edncia da Catalunha realizaram sua \u00faltima Assembleia Provincial no dia 6 de dezembro de 2019. Serviu como um momento de a\u00e7\u00e3o de gra\u00e7as pelos 125 anos de gra\u00e7a, vida e servi\u00e7o do referido Organismo Maior a toda a Congrega\u00e7\u00e3o.<\/p>\n<p>Catalunha \u00e9 uma das duas primeiras Prov\u00edncias criadas na hist\u00f3ria da Congrega\u00e7\u00e3o. A Prov\u00edncia foi erigida em 1895 durante os primeiros anos de expans\u00e3o da Congrega\u00e7\u00e3o. Ao longo dos anos, ela, como sua prov\u00edncia irm\u00e3, Castilla, expandiu-se e deu origem a novas Organismos Maiores. E agora, 125 anos depois, \u00e9 hora de empreender uma nova reorganiza\u00e7\u00e3o com outros tr\u00eas Organismos Maiores da Europa (Euskal Herria, Fran\u00e7a, It\u00e1lia) para formar a nova Prov\u00edncia de Sanctus Paulus que ser\u00e1 erigida canonicamente no dia 1\u00ba de janeiro de 2020.<\/p>\n<p>A Assembleia, da qual participaram todos os membros da Prov\u00edncia que puderam viajar para Vic, realizou-se na Casa de Espiritualidade de Vic. Realizaram-se algumas sess\u00f5es, revis\u00f5es e informes normais sobre o Organismo Maior, bem como sobre os programas estabelecidos em seu XXII Cap\u00edtulo Provincial em 2016.<\/p>\n<p>A Eucaristia final, presidida pelo Pe. Ricard Costa-Juss\u00e0, CMF, Superior Provincial da Catalunha, ocorreu na cripta do Padre Fundador no Sepulcro do Templo de Santo Ant\u00f4nio Maria Claret. Em sua homilia, enfatizou a dimens\u00e3o comunit\u00e1ria da vida consagrada.<\/p>\n<p>&#8220;A vida comunit\u00e1ria deve ser uma verdadeira vida de irmandade, um ponto de refer\u00eancia do nosso servi\u00e7o mission\u00e1rio e da nossa vida cotidiana&#8221;, disse ele, e convidou a todos para construir uma vida comunit\u00e1ria &#8220;admirada desde fora pela capacidade de viver juntos&#8221;, na pluralidade e diversidade &#8220;, e que, al\u00e9m de admir\u00e1vel, &#8220;seja atraente e refer\u00eancia de compromisso&#8221;.<\/p>\n<p>A Prov\u00edncia, em vista de seus 125 anos de presen\u00e7a, preparou um mapa de sua miss\u00e3o e um v\u00eddeo que mostra todas as diferentes miss\u00f5es que realizou e continua realizando, a pluralidade e diversidade dos servi\u00e7os de evangeliza\u00e7\u00e3o que desenvolveu ao longo destes anos &#8211; da dedica\u00e7\u00e3o \u00e0 dissemina\u00e7\u00e3o da Palavra em grupos e movimentos da vida crist\u00e3, at\u00e9 o servi\u00e7o pastoral na educa\u00e7\u00e3o, nas par\u00f3quias, nos centros de a\u00e7\u00e3o social, em outros centros, na forma\u00e7\u00e3o, no amplo e diverso mundo da comunica\u00e7\u00e3o, bem como os in\u00fameros lugares onde chegaram os mission\u00e1rios claretianos em todo o mundo e os eventos importantes que o Organismo Maior testemunhou e viveu.<\/p>\n<p>&nbsp;<\/p>\n<p>&nbsp;<\/p>\n<p>&nbsp;<\/p>\n<p>[envira-gallery id=&#8221;69657&#8243;]<\/p>\n","protected":false},"excerpt":{"rendered":"<p>Vic, Espanha. Os Mission\u00e1rios Claretianos da Prov\u00edncia da Catalunha realizaram sua \u00faltima Assembleia Provincial no dia 6 de dezembro de 2019. Serviu como um momento de a\u00e7\u00e3o de gra\u00e7as pelos 125 anos de gra\u00e7a, vida e servi\u00e7o do referido Organismo Maior a toda a Congrega\u00e7\u00e3o. Catalunha \u00e9 uma das duas primeiras Prov\u00edncias criadas na hist\u00f3ria [&hellip;]<\/p>\n","protected":false},"author":2,"featured_media":69662,"comment_status":"closed","ping_status":"closed","sticky":false,"template":"","format":"standard","meta":{"_et_pb_use_builder":"","_et_pb_old_content":"","_et_gb_content_width":"","footnotes":""},"categories":[290],"tags":[],"class_list":["post-69745","post","type-post","status-publish","format-standard","has-post-thumbnail","hentry","category-catalunya-pt-pt"],"jetpack_featured_media_url":"https:\/\/i0.wp.com\/www.claret.org\/wp-content\/uploads\/2019\/12\/CA-20191206-%C3%9Altima-Asamblea-3.jpg?fit=2047%2C1152&ssl=1","jetpack_sharing_enabled":true,"jetpack_shortlink":"https:\/\/wp.me\/pdaBmi-i8V","jetpack_likes_enabled":true,"_links":{"self":[{"href":"https:\/\/www.claret.org\/pt-pt\/wp-json\/wp\/v2\/posts\/69745","targetHints":{"allow":["GET"]}}],"collection":[{"href":"https:\/\/www.claret.org\/pt-pt\/wp-json\/wp\/v2\/posts"}],"about":[{"href":"https:\/\/www.claret.org\/pt-pt\/wp-json\/wp\/v2\/types\/post"}],"author":[{"embeddable":true,"href":"https:\/\/www.claret.org\/pt-pt\/wp-json\/wp\/v2\/users\/2"}],"replies":[{"embeddable":true,"href":"https:\/\/www.claret.org\/pt-pt\/wp-json\/wp\/v2\/comments?post=69745"}],"version-history":[{"count":0,"href":"https:\/\/www.claret.org\/pt-pt\/wp-json\/wp\/v2\/posts\/69745\/revisions"}],"wp:featuredmedia":[{"embeddable":true,"href":"https:\/\/www.claret.org\/pt-pt\/wp-json\/wp\/v2\/media\/69662"}],"wp:attachment":[{"href":"https:\/\/www.claret.org\/pt-pt\/wp-json\/wp\/v2\/media?parent=69745"}],"wp:term":[{"taxonomy":"category","embeddable":true,"href":"https:\/\/www.claret.org\/pt-pt\/wp-json\/wp\/v2\/categories?post=69745"},{"taxonomy":"post_tag","embeddable":true,"href":"https:\/\/www.claret.org\/pt-pt\/wp-json\/wp\/v2\/tags?post=69745"}],"curies":[{"name":"wp","href":"https:\/\/api.w.org\/{rel}","templated":true}]}}