{"id":69874,"date":"2019-12-23T10:20:29","date_gmt":"2019-12-23T09:20:29","guid":{"rendered":"https:\/\/www.claret.org\/vida-de-um-missionario-presepio-vivo-para-cristo\/"},"modified":"2019-12-23T10:20:29","modified_gmt":"2019-12-23T09:20:29","slug":"vida-de-um-missionario-presepio-vivo-para-cristo","status":"publish","type":"post","link":"https:\/\/www.claret.org\/pt-pt\/vida-de-um-missionario-presepio-vivo-para-cristo\/","title":{"rendered":"Vida de um mission\u00e1rio, pres\u00e9pio vivo para Cristo"},"content":{"rendered":"<p><span style=\"font-family: 'book antiqua', palatino, serif; font-size: 14pt;\">Queridos todos:<\/span><\/p>\n<p><span style=\"font-family: 'book antiqua', palatino, serif; font-size: 14pt;\">Desejo a todos voc\u00eas todo o amor e a alegria do Natal! O Papa Francisco, em sua carta apost\u00f3lica <em>Admirabile Signum<\/em>, sobre o pres\u00e9pio, explica como &#8220;\u00e9 implicitamente um chamado a segui-lo no caminho da humildade, pobreza, despojamento, que desde a gruta de Bel\u00e9m conduz at\u00e9 a cruz&#8221; (n\u00ba 3).<\/span><\/p>\n<p><span style=\"font-family: 'book antiqua', palatino, serif; font-size: 14pt;\">Ao contemplar o menino de Bel\u00e9m neste ano de 2019, me vem \u00e0 mente a vida de nosso Fundador Santo Ant\u00f4nio Maria Claret iluminada pelo mist\u00e9rio de Cristo. Neste 150\u00ba anivers\u00e1rio de seu nascimento no c\u00e9u, convido voc\u00eas a meditarem sobre como a sua vida se tornou uma verdadeira manjedoura para o Verbo Encarnado.<\/span><\/p>\n<p><span style=\"font-family: 'book antiqua', palatino, serif; font-size: 14pt;\">No centro da vida de Claret est\u00e1 Cristo (Aut. 755) e a M\u00e3e Maria \u00e9 tudo para ele depois de Jesus (Aut. 5). Claret lembrou que Jesus o apresentou a S\u00e3o Jos\u00e9 como algu\u00e9m que ele poderia amar e em quem confiar (Aut. 831). Em sua vida, ele sentiu a presen\u00e7a de S\u00e3o Miguel e dos anjos da guarda que o protegiam (Aut. 268-269). A pobreza, a simplicidade e a humildade de Jesus marcaram seu estilo de vida e prega\u00e7\u00e3o itinerante. Em sua autobiografia, Claret apresenta muitos animais dom\u00e9sticos que ela aprecia por suas virtudes: a galinha pelo zelo com seus filhotes, o cachorro por sua fidelidade, a formiga por seu trabalho duro, o asno por sua humildade e o galo por sua vigil\u00e2ncia. (Aut. 664 e ss.). A seguir h\u00e1 gente de todas as classes sociais a quem ele pregou o Evangelho. A vida de Claret, que culmina em Fontfroide, resume a raz\u00e3o pela qual viveu: a gl\u00f3ria de Deus e a salva\u00e7\u00e3o de todos os homens.<\/span><\/p>\n<p><span style=\"font-family: 'book antiqua', palatino, serif; font-size: 14pt;\">Contemplando a cena do Natal na vida de Claret, descobrimos o que significa ser mission\u00e1rio&#8230; converter-se num lar para a Palavra no mundo. Como filhos do Cora\u00e7\u00e3o de Maria, aprendemos de Maria a dar nossa carne (humanidade) ao Verbo, a transformar-nos em p\u00e3o (Eucaristia) para a vida do mundo. Como \u00e9 maravilhoso para n\u00f3s, mission\u00e1rios, ser na vida um pres\u00e9pio vivo para Cristo!<\/span><\/p>\n<p><span style=\"font-family: 'book antiqua', palatino, serif; font-size: 14pt;\">Desejo a toda a fam\u00edlia claretiana, nossos benfeitores e amigos um feliz Natal e um Ano Novo de 2020 cheio da gra\u00e7a de Deus.<\/span><\/p>\n<p>&nbsp;<\/p>\n<p><span style=\"font-family: 'book antiqua', palatino, serif; font-size: 14pt;\">Pe. Mathew Vattamattam, CMF<\/span><\/p>\n<p><span style=\"font-family: 'book antiqua', palatino, serif; font-size: 14pt;\">Superior Geral<\/span><\/p>\n","protected":false},"excerpt":{"rendered":"<p>Queridos todos: Desejo a todos voc\u00eas todo o amor e a alegria do Natal! O Papa Francisco, em sua carta apost\u00f3lica Admirabile Signum, sobre o pres\u00e9pio, explica como &#8220;\u00e9 implicitamente um chamado a segui-lo no caminho da humildade, pobreza, despojamento, que desde a gruta de Bel\u00e9m conduz at\u00e9 a cruz&#8221; (n\u00ba 3). Ao contemplar o [&hellip;]<\/p>\n","protected":false},"author":2,"featured_media":69866,"comment_status":"closed","ping_status":"closed","sticky":false,"template":"","format":"standard","meta":{"_et_pb_use_builder":"","_et_pb_old_content":"","_et_gb_content_width":"","footnotes":""},"categories":[606],"tags":[],"class_list":["post-69874","post","type-post","status-publish","format-standard","has-post-thumbnail","hentry","category-painel-dos-avisos"],"jetpack_featured_media_url":"https:\/\/i0.wp.com\/www.claret.org\/wp-content\/uploads\/2019\/12\/crib-claret.jpg?fit=2560%2C1442&ssl=1","jetpack_sharing_enabled":true,"jetpack_shortlink":"https:\/\/wp.me\/pdaBmi-ib0","jetpack_likes_enabled":true,"_links":{"self":[{"href":"https:\/\/www.claret.org\/pt-pt\/wp-json\/wp\/v2\/posts\/69874","targetHints":{"allow":["GET"]}}],"collection":[{"href":"https:\/\/www.claret.org\/pt-pt\/wp-json\/wp\/v2\/posts"}],"about":[{"href":"https:\/\/www.claret.org\/pt-pt\/wp-json\/wp\/v2\/types\/post"}],"author":[{"embeddable":true,"href":"https:\/\/www.claret.org\/pt-pt\/wp-json\/wp\/v2\/users\/2"}],"replies":[{"embeddable":true,"href":"https:\/\/www.claret.org\/pt-pt\/wp-json\/wp\/v2\/comments?post=69874"}],"version-history":[{"count":0,"href":"https:\/\/www.claret.org\/pt-pt\/wp-json\/wp\/v2\/posts\/69874\/revisions"}],"wp:featuredmedia":[{"embeddable":true,"href":"https:\/\/www.claret.org\/pt-pt\/wp-json\/wp\/v2\/media\/69866"}],"wp:attachment":[{"href":"https:\/\/www.claret.org\/pt-pt\/wp-json\/wp\/v2\/media?parent=69874"}],"wp:term":[{"taxonomy":"category","embeddable":true,"href":"https:\/\/www.claret.org\/pt-pt\/wp-json\/wp\/v2\/categories?post=69874"},{"taxonomy":"post_tag","embeddable":true,"href":"https:\/\/www.claret.org\/pt-pt\/wp-json\/wp\/v2\/tags?post=69874"}],"curies":[{"name":"wp","href":"https:\/\/api.w.org\/{rel}","templated":true}]}}