{"id":69875,"date":"2019-12-22T08:27:53","date_gmt":"2019-12-22T07:27:53","guid":{"rendered":"https:\/\/www.claret.org\/pe-isidro-gras-maja-cmf\/"},"modified":"2019-12-22T08:27:53","modified_gmt":"2019-12-22T07:27:53","slug":"pe-isidro-gras-maja-cmf","status":"publish","type":"post","link":"https:\/\/www.claret.org\/pt-pt\/pe-isidro-gras-maja-cmf\/","title":{"rendered":"Pe. ISIDRO GRAS MAJ\u00c1, CMF"},"content":{"rendered":"<p><span style=\"font-family: tahoma, arial, helvetica, sans-serif; font-size: 14pt;\">Faleceu, no dia 21 de dezembro de 2019, em Santa Mar\u00eda de Jes\u00fas, Guatemala.<\/span><\/p>\n<p><span style=\"font-family: tahoma, arial, helvetica, sans-serif; font-size: 14pt;\">Tinha 89 anos de idade.<\/span><\/p>\n<p><span style=\"font-family: tahoma, arial, helvetica, sans-serif; font-size: 14pt;\">Pertencia \u00e0 Prov\u00edncia da Am\u00e9rica Central.<\/span><\/p>\n<p><span style=\"font-family: tahoma, arial, helvetica, sans-serif; font-size: 14pt;\">Descanse na Paz do Senhor!<\/span><\/p>\n","protected":false},"excerpt":{"rendered":"<p>Faleceu, no dia 21 de dezembro de 2019, em Santa Mar\u00eda de Jes\u00fas, Guatemala. Tinha 89 anos de idade. Pertencia \u00e0 Prov\u00edncia da Am\u00e9rica Central. Descanse na Paz do Senhor!<\/p>\n","protected":false},"author":3,"featured_media":69852,"comment_status":"closed","ping_status":"closed","sticky":false,"template":"","format":"standard","meta":{"_et_pb_use_builder":"","_et_pb_old_content":"","_et_gb_content_width":"","footnotes":""},"categories":[562],"tags":[],"class_list":["post-69875","post","type-post","status-publish","format-standard","has-post-thumbnail","hentry","category-falecido"],"jetpack_featured_media_url":"https:\/\/i0.wp.com\/www.claret.org\/wp-content\/uploads\/2019\/12\/ISIDRO.jpeg?fit=472%2C480&ssl=1","jetpack_sharing_enabled":true,"jetpack_shortlink":"https:\/\/wp.me\/pdaBmi-ib1","jetpack_likes_enabled":true,"_links":{"self":[{"href":"https:\/\/www.claret.org\/pt-pt\/wp-json\/wp\/v2\/posts\/69875","targetHints":{"allow":["GET"]}}],"collection":[{"href":"https:\/\/www.claret.org\/pt-pt\/wp-json\/wp\/v2\/posts"}],"about":[{"href":"https:\/\/www.claret.org\/pt-pt\/wp-json\/wp\/v2\/types\/post"}],"author":[{"embeddable":true,"href":"https:\/\/www.claret.org\/pt-pt\/wp-json\/wp\/v2\/users\/3"}],"replies":[{"embeddable":true,"href":"https:\/\/www.claret.org\/pt-pt\/wp-json\/wp\/v2\/comments?post=69875"}],"version-history":[{"count":0,"href":"https:\/\/www.claret.org\/pt-pt\/wp-json\/wp\/v2\/posts\/69875\/revisions"}],"wp:featuredmedia":[{"embeddable":true,"href":"https:\/\/www.claret.org\/pt-pt\/wp-json\/wp\/v2\/media\/69852"}],"wp:attachment":[{"href":"https:\/\/www.claret.org\/pt-pt\/wp-json\/wp\/v2\/media?parent=69875"}],"wp:term":[{"taxonomy":"category","embeddable":true,"href":"https:\/\/www.claret.org\/pt-pt\/wp-json\/wp\/v2\/categories?post=69875"},{"taxonomy":"post_tag","embeddable":true,"href":"https:\/\/www.claret.org\/pt-pt\/wp-json\/wp\/v2\/tags?post=69875"}],"curies":[{"name":"wp","href":"https:\/\/api.w.org\/{rel}","templated":true}]}}