{"id":72818,"date":"2020-01-17T06:29:39","date_gmt":"2020-01-17T05:29:39","guid":{"rendered":"https:\/\/www.claret.org\/dia-16-de-janeiro-de-2020-encontro-do-governo-geral-com-os-superiores-maiores\/"},"modified":"2020-01-17T06:29:39","modified_gmt":"2020-01-17T05:29:39","slug":"dia-16-de-janeiro-de-2020-encontro-do-governo-geral-com-os-superiores-maiores","status":"publish","type":"post","link":"https:\/\/www.claret.org\/pt-pt\/dia-16-de-janeiro-de-2020-encontro-do-governo-geral-com-os-superiores-maiores\/","title":{"rendered":"Dia 16 de janeiro de 2020 (Encontro do Governo Geral com os Superiores Maiores)"},"content":{"rendered":"<p>A ora\u00e7\u00e3o da manh\u00e3 foi preparada e motivada pelos Organismos Maiores de ASCLA West. Na mesma se recordou e celebrou, de modo especial, os 52 anos de vida de Luis Armando Valencia.<\/p>\n<p>A sess\u00e3o come\u00e7a \u00e0s 9h00 com a ora\u00e7\u00e3o a partir da m\u00fasica \u201cTua Palavra me d\u00e1 vida\u201d, da escuta da Palavra de Deus (S\u00e3o Mateus 1, 18-24) e a ora\u00e7\u00e3o tirada do <em>Missionarii Sumus<\/em> nn. 53 e 57. Joseba Kamiruaga l\u00ea a cr\u00f4nica de ontem.<\/p>\n<p>Carlos Verga prop\u00f5e uma pequena avalia\u00e7\u00e3o sobre o ambiente, clima, fraternidade, din\u00e2mica, o hor\u00e1rio, participa\u00e7\u00e3o, o tema&#8230; Abre-se um tempo para compartilhar coment\u00e1rios e sugest\u00f5es:<\/p>\n<p>estamos indo bem, bom ritmo, nada cansativo, a metodologia e a reflex\u00e3o est\u00e3o sendo proveitosas,<\/p>\n<p>tudo est\u00e1 indo bem, a din\u00e2mica \u00e9 boa, mas falta tempo para pensar nas quest\u00f5es que s\u00e3o t\u00e3o importantes,<\/p>\n<p>ap\u00f3s a \u00faltima sess\u00e3o, realizar um tempo de recreio mais longo &#8211; 45 minutos -,<\/p>\n<p>dar mais tempo para a assimila\u00e7\u00e3o das perguntas e a resposta \u00e0s mesmas.<\/p>\n<p>A sess\u00e3o continua com a proje\u00e7\u00e3o do v\u00eddeo da vida e miss\u00e3o do Organismo Maior da Coreia.<\/p>\n<p>&nbsp;<\/p>\n<p>Gonzalo Fern\u00e1ndez come\u00e7a recordando as quatro etapas do caminho (descobrir, sonhar, projetar, comprometer-se) que est\u00e3o sendo seguidas para lembrar onde estamos. O fruto do trabalho realizado ontem (as sementes de vida &#8211; que foram trabalhadas ontem, 15 de janeiro -) continuar\u00e3o a nos acompanhar nesta reflex\u00e3o (assim como as enfermidades e chamados do mundo e da Igreja &#8211; que foram abordados no dia 14 de janeiro -).<\/p>\n<p>Hoje vamos nos dedicar a imaginar e sonhar. E Gonzalo nos convida a fazer uma viagem ao futuro, oferecendo uma pequena estrutura te\u00f3rica que ajuda a entender o que se deseja fazer nesta fase.<\/p>\n<p>Os sonhos s\u00e3o a chave para interpretar tanto o passado como o presente e abrir \/ construir o futuro. Quando dizemos &#8220;clave&#8221;, dizemos &#8220;chave&#8221;. O sonho consiste em pegar uma chave, discretamente abrir a porta e ver \/ vislumbrar o que est\u00e1 al\u00e9m. Desde o ponto de vista b\u00edblico, isto \u00e9 evidente: os sonhos s\u00e3o lugares da revela\u00e7\u00e3o de Deus, como lugares ou meios pelos quais Ele transmite sua vontade, o que Ele quer de n\u00f3s. Entre tantas passagens bonitas das Escrituras, Gonzalo recorda Isa\u00edas 25, 6-8; Isa\u00edas 26, 1-3; Apocalipse 22, 1-5; Lucas 1, 51-53. Tamb\u00e9m o sonho de Santo Ant\u00f4nio Maria Claret (<em>Autobiografia<\/em> 488, 490 e 491). Somos filhos desse sonho imposs\u00edvel.<\/p>\n<p>Tamb\u00e9m h\u00e1 sonhadores em nosso tempo que realizaram grandes empresas e projetos de todo tipo\u2026 Gonzalo lembra, por exemplo: Mahatma Gandhi (o sonho de uma \u00cdndia independente por um caminho n\u00e3o violento), Nelson Mandela (o sonho de &#8220;uma pessoa, um voto&#8221;), Martin Luther King (o sonho de uma sociedade igualit\u00e1ria). E, como exemplo desses sonhadores e sonhos, o v\u00eddeo do discurso de Martin Luther King (https:\/\/www.youtube.com\/watch?v=q_AoP5izcQs) \u00e9 projetado durante a marcha em Washington por emprego e liberdade no dia 28 de agosto de 1963.<\/p>\n<p>Gonzalo Fern\u00e1ndez prop\u00f5e o primeiro exerc\u00edcio e convida todos a levar seus cadernos para pensar e responder a esta pergunta: que pessoas e que sonhos mais me motivaram na minha vida pessoal? Ap\u00f3s um tempo de sil\u00eancio para o exerc\u00edcio individual, as respostas s\u00e3o compartilhadas nos grupos.<\/p>\n<p>Gonzalo convida a dizer em voz alta, sem mais coment\u00e1rios, alguns nomes que apareceram no di\u00e1logo dos grupos.<\/p>\n<p>Para encerrar este primeiro momento da manh\u00e3, Gonzalo lembra que existe um campo em que havia grandes sonhadores: a arte (a uni\u00e3o do sonho art\u00edstico com a f\u00e9). H\u00e1 artistas que tamb\u00e9m sonharam no s\u00e9culo XIX e XX. Como, por exemplo, Antonio Gaud\u00ed (1852-1926). Um pequeno v\u00eddeo \u00e9 projetado (projetado no dia 8 de janeiro de 2020 na Biblioteca de Filmes do Vaticano) produzido pela Animaset sobre a Sagrada Fam\u00edlia em Barcelona (Espanha): \u201cLa Sagrada Familia. A B\u00edblia em pedra\u201d  (<a href=\"http:\/\/animaset.cat\/la-sagrada-familia-la-biblia-en-pedra-de-jordi-roige-premiat-a-buenos-aires\/\" rel=\"nofollow noopener\" target=\"_blank\">http:\/\/animaset.cat\/la-sagrada-familia-la-biblia-en-pedra-de-jordi-roige-premiat-a-buenos-aires\/<\/a>). Gonzalo conclui a vis\u00e3o do v\u00eddeo com algumas explica\u00e7\u00f5es sobre o trabalho arquitet\u00f4nico da Sagrada Fam\u00edlia, que \u00e9 uma catequese completa da hist\u00f3ria da salva\u00e7\u00e3o. Mais um exemplo, no campo da arte, de que n\u00e3o h\u00e1 nada mais pr\u00e1tico que um bom sonho.<\/p>\n<p>\u00c0s 10h30 faz-se um descanso.<\/p>\n<p>\u00c0s 11h00 a sess\u00e3o \u00e9 retomada.<\/p>\n<p>Gonzalo come\u00e7a dizendo o que torna uma pessoa inspiradora, que oferece horizontes, alimenta sonhos&#8230; \u00c9 um carisma especial? \u00c9 uma experi\u00eancia? Em que consiste esse poder de atra\u00e7\u00e3o? At\u00e9 o Papa Francisco nos convida a sonhar. A este respeito, um trecho da homilia do Papa Francisco \u00e9 projetado em 18 de dezembro de 2019 na Capela de Santa Marta: &#8220;N\u00e3o percam a capacidade de sonhar com o futuro: cada um de n\u00f3s. Cada um de n\u00f3s: sonhar com nossa fam\u00edlia, nossos filhos, nossos pais. Olhar como eu gostaria que fosse a sua vida. Tamb\u00e9m os sacerdotes: sonhar com nossos fi\u00e9is, o que queremos para eles. Sonhar como sonham os jovens, que s\u00e3o sonhos &#8220;sem vergonha&#8221;, e a\u00ed eles encontram um caminho. N\u00e3o perca a capacidade de sonhar, porque sonhar \u00e9 abrir as portas para o futuro. Sejam fecundos no futuro.&#8221;<\/p>\n<p>Gonzalo distingue a palavra &#8220;ilus\u00e3o&#8221; (o ilusionista \u00e9 quem est\u00e1 distante e ausente da realidade) e &#8220;sonho&#8221; (o sonhador \u00e9 quem antecipa o futuro para o presente). No norte do Chile fica o deserto mais seco do mundo, o deserto de Atacama. Mas \u00e0s vezes caem algumas gotas de \u00e1gua que fazem com que o milagre b\u00edblico do deserto se torne um jardim, um pomar. A este respeito se projeta o v\u00eddeo que serve de exemplo: &#8220;https:\/\/www.youtube.com\/watch?v=Aii9Iqy6XV0&#8221;.<\/p>\n<p>Gonzalo lembra algumas palavras da entrevista com um psicanalista argentino, Luis Chiozza (https:\/\/es.wikipedia.org\/wiki\/Luis_Chiozza): \u201cos ideais n\u00e3o s\u00e3o para ser alcan\u00e7ados, mas para orientar a vida\u201d. O c\u00e9u come\u00e7ou na terra. Saber na dire\u00e7\u00e3o em que caminhamos gera sentido e energia. Queremos explorar em que dire\u00e7\u00e3o e em qual horizonte caminhar. Sem sonhos, n\u00e3o temos a b\u00fassola que nos diz como guiar nossos passos.<\/p>\n<p>Gonzalo projeta um v\u00eddeo &#8220;https:\/\/www.youtube.com\/watch?v=i07qz_6Mk7g&#8221;. Ousamos sonhar na Congrega\u00e7\u00e3o do futuro (2030)? Hoje estamos trabalhando sobre o sonho da Congrega\u00e7\u00e3o, do Cap\u00edtulo Geral, de um horizonte mais distante, por exemplo, de 2030.<\/p>\n<p>Como funciona o psiquismo humano? Como funcionam os grupos?<\/p>\n<p>Existe uma zona m\u00e1gica \/ que podemos chamar de &#8220;zona carism\u00e1tica&#8221;. H\u00e1 outra \u00e1rea, a que chamamos de &#8220;aprendizado&#8221;. Outra \u00e9 a \u00e1rea de &#8220;medos&#8221;. E outra, finalmente, a do &#8220;conforto&#8221;. A zona de conforto \u00e9 a zona de nossos h\u00e1bitos, rotinas, nossos modos de fazer, nossos trabalhos, &#8230; isto \u00e9, tudo o que controlamos. Todos professamos um estado de vida que nos lan\u00e7a na zona carism\u00e1tica (este \u00e9 um im\u00e3 que nos atrai para sair da nossa zona de conforto). Na pr\u00e1tica, acontece que, entre a zona carism\u00e1tica e a zona de conforto, se interp\u00f5e uma barreira que \u00e9 a zona dos medos. Medo da falta de recursos financeiros, envelhecimento, falta de pessoal, sem saber como se conectar com a sociedade, para empreender algo que ent\u00e3o devemos deixar\u2026Com tais medos, \u00e0s vezes o sonho permanece uma mera ilus\u00e3o. \u00c9 por isso que se torna necess\u00e1rio ampliar a zona de aprendizado para reduzir a zona do medo. Uma congrega\u00e7\u00e3o que deseja realizar seus sonhos tem que fazer fundamentalmente:<\/p>\n<p>Cultivar a espiritualidade carism\u00e1tica pr\u00f3pria, reacender a m\u00edstica,<\/p>\n<p>Cultivar muito a forma\u00e7\u00e3o cont\u00ednua, ou seja, as \u201chabilidades\u201d.<\/p>\n<p>Estas s\u00e3o as chaves para pensar frente ao pr\u00f3ximo Cap\u00edtulo Geral e frente ao futuro mais distante.<\/p>\n<p>Outra coisa interessante, diz Gonzalo, \u00e9 estar ciente de que neste processo de mudan\u00e7a nos movemos entre duas tens\u00f5es: tens\u00e3o emocional (que nos empurra para a zona de conforto &#8211; emo\u00e7\u00f5es prevalecem sobre raz\u00f5es) &#8211; e tens\u00e3o criativa (que nos empurra para a zona carism\u00e1tica &#8211; os ideais prevalecem sobre as emo\u00e7\u00f5es -). Se estivermos cientes de que estas tens\u00f5es existem, e que elas existir\u00e3o, o que precisamos saber \u00e9 que tudo depender\u00e1 de qual tens\u00e3o alimentarmos mais. Qual das tens\u00f5es vencer\u00e1? Essa tens\u00e3o que alimentamos e cultivamos mais. Que Cap\u00edtulo Geral queremos: um que acentue a tens\u00e3o emocional ou outro que acentue mais a tens\u00e3o criativa?<\/p>\n<p>Ap\u00f3s este referencial te\u00f3rico necess\u00e1rio, Gonzalo apresenta o trabalho pr\u00e1tico. Algu\u00e9m pode sonhar com seus gostos ou pode se abrir para o sonho de Deus. Qual \u00e9 o sonho de Deus para a Congrega\u00e7\u00e3o do futuro? Senhor, que Congrega\u00e7\u00e3o sonhais para colaborarmos com esse sonho? Este ser\u00e1 o segundo exerc\u00edcio que consistir\u00e1 na realiza\u00e7\u00e3o de uma Lectio Divina.<\/p>\n<p>Cada grupo recebeu um texto b\u00edblico. Em concreto:<\/p>\n<p>Grupo 1: Mateus 1, 18-25.<\/p>\n<p>Grupo 2: Lucas 1, 39-56.<\/p>\n<p>Grupo 3: Atos dos Ap\u00f3stolos 2, 1-11.<\/p>\n<p>Grupo 4: Atos dos Ap\u00f3stolos 2, 41-47.<\/p>\n<p>Grupo 5: Jo\u00e3o 13, 1-15.<\/p>\n<p>Grupo 6: Jo\u00e3o 17, 20-26.<\/p>\n<p>O exerc\u00edcio ser\u00e1 realizado numa hora finalizando \u00e0s 12h30 com o intervalo e ser\u00e1 realizado no local escolhido por cada grupo no Claret Center.<\/p>\n<p>Gonzalo Fern\u00e1ndez sugere algumas indica\u00e7\u00f5es para a realiza\u00e7\u00e3o da Lectio Divina:<\/p>\n<p>Come\u00e7ar com um momento de ora\u00e7\u00e3o invocando o Esp\u00edrito Santo,<\/p>\n<p>realizar a Lectio propriamente dita (quem sabe com algum eco\u2026 talvez lendo o texto pela segunda vez \u2026),<\/p>\n<p>fazer sil\u00eancio,<\/p>\n<p>compartilhar:<\/p>\n<p>em primeiro lugar, os sentimentos produzidos pela Palavra, ou seja, lendo a Palavra eu me senti\u2026;<\/p>\n<p>em segundo lugar, esta pergunta: esta Palavra ilumina de alguma forma o sonho de Deus para n\u00f3s? Esta Palavra aponta alguma dire\u00e7\u00e3o, nos oferece algum sinal?<\/p>\n<p>finalizar com um momento de ora\u00e7\u00e3o, de a\u00e7\u00e3o de gra\u00e7as, e de invoca\u00e7\u00e3o a Maria.<\/p>\n<p>Cada grupo escolher\u00e1 um animador com o fim de acompanhar \/ determinar os momentos e tempos da Lectio Divina.<\/p>\n<p>O horizonte deste exerc\u00edcio \u00e9 abrir-nos ao sonho de Deus para n\u00f3s.<\/p>\n<p>A sess\u00e3o termina \u00e0s 11h40.<\/p>\n<p>A sess\u00e3o \u00e9 retomada \u00e0s 15h30.<\/p>\n<p>Se comienza con la oraci\u00f3n a partir de Missionarii Sumus nn. 58 y 63, del rezo del Ave Maria y se concluye con el canto, en forma de canon, \u201cHoy comienza una nueva obra, las lanzas se convierten en podaderas. De las armas salen arados, y los oprimidos son liberados\u201d. Se ven los v\u00eddeos de la vida y misi\u00f3n de los Organismos Mayores de M\u00e9xico y Northeast India.<\/p>\n<p>Come\u00e7a com a ora\u00e7\u00e3o inspirada em <em>Missionarii Sumus<\/em> nn. 58 e 63, uma Ave Maria e termina com o canto, em forma de um c\u00e2none: \u201cHoje come\u00e7a um novo trabalho, as lan\u00e7as se tornam podadoras. Os arados s\u00e3o arados e os oprimidos s\u00e3o libertados\u201d. S\u00e3o vistos os v\u00eddeos da vida e da miss\u00e3o dos Organismos Maiores do M\u00e9xico e do  Northeast India.<\/p>\n<p>Gonzalo apresenta o material que vai funcionar durante esta tarde. O objetivo \u00e9 iluminar o caminho que devemos seguir a partir da Palavra. Agora ele apresenta o terceiro exerc\u00edcio intitulado &#8220;Viagem ao futuro&#8221;. Come\u00e7a convidando os presentes a se deslocarem e mudarem de lugar na sala. Estamos no segundo est\u00e1gio de nossa jornada, iluminado pela luz da Palavra de Deus, trata-se de viajar para o futuro, mas conectar este exerc\u00edcio ao exerc\u00edcio realizado pela manh\u00e3.<\/p>\n<p>Iluminados pela luz da Palavra de Deus que descobrimos no exerc\u00edcio da &#8220;Lectio Divina&#8221;, vamos viajar para o futuro. Fechamos os olhos. Relaxamos e imaginamos que dormimos um sono muito profundo e sereno. Quando acordamos, acontece que j\u00e1 estamos no ano 2030, ou seja, dez anos se passaram, e cada um de n\u00f3s e os outros membros da Congrega\u00e7\u00e3o conseguiram viver nosso ideal. Ou seja, aprendemos a:<\/p>\n<p>curar as enfermidades que padecemos,<\/p>\n<p>responder aos apelos que Deus nos dirige no mundo e na Igreja,<\/p>\n<p>e cultivar as sementes de vida que fomos descobrindo.<\/p>\n<p>Dialogamos agora sobre a viagem para o futuro que sonhamos \/ imaginamos. Cada um escolhe outra pessoa da mesa que n\u00e3o \u00e9 a mesma dos exerc\u00edcios anteriores. Primeiro, um entrevista e o outro \u00e9 entrevistado. Temos 15 minutos para fazer as perguntas (sempre referidas ao imaginado e sonhado), e ent\u00e3o a outra pessoa \u00e9 quem entrevista por mais 15 minutos (30 minutos no total).<\/p>\n<p>Como voc\u00ea est\u00e1? Como se sente pessoalmente?<\/p>\n<p>O que est\u00e1 acontecendo no \u00e2mbito da Congrega\u00e7\u00e3o? Como est\u00e1 ocorrendo?<\/p>\n<p>Que tom vital se percebe nas pessoas, comunidades e Organismos?<\/p>\n<p>Como se incrementou o entusiasmo mission\u00e1rio?<\/p>\n<p>O que mais lhe atrai na nova situa\u00e7\u00e3o?<\/p>\n<p>Que voc\u00ea fez para que se chegasse a estes resultados em 2030?<\/p>\n<p>Que novidades principais foram introduzidas com respeito \u00e0 Congrega\u00e7\u00e3o de 2020?<\/p>\n<p>Uma vez terminada a entrevista com estas perguntas, mudam-se os pap\u00e9is. O entrevistado passa a ser entrevistador e vice-versa.<\/p>\n<p>O exerc\u00edcio termina \u00e0s 16h40 e Gonzalo Fern\u00e1ndez oferece informa\u00e7\u00f5es sobre a hist\u00f3ria da Catedral de Malabo &#8211; escrita pelo Arquivista Geral &#8211; que ontem sofreu um inc\u00eandio. \u00c9 uma catedral intimamente ligada \u00e0 Congrega\u00e7\u00e3o, na qual repousam os restos de dois Bispos Claretianos.<\/p>\n<p>O quarto exerc\u00edcio come\u00e7a: \u201cTrabalho em grupo: sonhos. Vis\u00f5es do futuro ideal \u201d. A princ\u00edpio, cada membro do grupo compartilha brevemente o sonho da pessoa que entrevistou. E, em um segundo momento, \u00e9 sobre isso que, como grupo, imaginamos no ano de 2030 e, tentando visualizar a nova situa\u00e7\u00e3o, a Congrega\u00e7\u00e3o e a atmosfera que nela respira, responda a esta pergunta: O que est\u00e1 acontecendo de novo, de melhor, de diferente?<\/p>\n<p>Antes do descanso, Gonzalo informa os pr\u00f3ximos passos dentro deste mesmo exerc\u00edcio. No final do intervalo, haver\u00e1 um espa\u00e7o de cerca de 15 minutos para escolher uma maneira criativa de apresentar o sonho \/ vis\u00e3o de 2030 como se estivesse acontecendo agora. O sonho ser\u00e1 refletido em uma imagem e em um slogan em um cart\u00e3o branco. As apresenta\u00e7\u00f5es n\u00e3o devem durar mais de 5 minutos.<\/p>\n<p>A sess\u00e3o finaliza \u00e0s 17h00.<\/p>\n<p>Retoma-se a sess\u00e3o \u00e0s 17h30.<\/p>\n<p>Os grupos funcionam como indicado no \u00faltimo momento da sess\u00e3o anterior. \u00c0s 17h45 come\u00e7a a apresenta\u00e7\u00e3o. Gonzalo nos convida a nos colocar no modo &#8220;jogo \/ sonho&#8221; porque n\u00e3o \u00e9 uma apresenta\u00e7\u00e3o conceitual \/ mental, mas com slogans e s\u00edmbolos.<\/p>\n<p>Grupo 1: Juan Carlos Bartra &#8211; Fausto Cruz.<\/p>\n<p>Apresentam a Congrega\u00e7\u00e3o como uma \u00e1rvore &#8211; as ra\u00edzes, as sementes, a seiva, os frutos &#8230; -. Interculturalidade e incultura\u00e7\u00e3o s\u00e3o mencionadas como seiva. 6 continentes s\u00e3o inclu\u00eddos (tamb\u00e9m o continente digital). Semeadores de vida e esperan\u00e7a.<\/p>\n<p>Grupo 2: Enrique Mascorro-Marcos Aur\u00e9lio Loro.<\/p>\n<p>Apresentam a Congrega\u00e7\u00e3o que cresce em espiritualidade; em sua experi\u00eancia intercultural (por sua troca de pessoal, por compartilhar projetos &#8230;); na gera\u00e7\u00e3o de recursos econ\u00f4micos e na comunh\u00e3o de bens; na sua capacidade de atrair jovens; em sua vida fraterna, mais calorosa, mais aberta ao mundo para compartilhar; na qualidade de sua vida mission\u00e1ria&#8230; Este crescimento surgiu em um cap\u00edtulo de loucos e sonhadores que ousaram entrar na zona do aprendizado, onde o medo era superado pelo entusiasmo.<\/p>\n<p>Grupo 3: Lawrence V- Jude Thaddeus Langeh.<\/p>\n<p>Apresentam a Congrega\u00e7\u00e3o que cresce e voa alto (presidida pelo Governo Geral e por cada uma das Confer\u00eancias). \u00c9 um voo alto movido pelas asas do Esp\u00edrito Santo que nos leva cada vez mais alto. O voo mais alto significa: mais comunh\u00e3o, mais membros e recursos compartilhados, uma espiritualidade mais transcendente, uma miss\u00e3o que atinge mais as periferias, uma miss\u00e3o mais compartilhada. Voando alto.<\/p>\n<p>Grupo 4: Carlos Candeias &#8211; Mario David Guti\u00e9rrez.<\/p>\n<p>Eles apresentam a Congrega\u00e7\u00e3o que funciona como uma b\u00fassola. Por um lado, com uma identidade mais profunda, mais arraigada e, por outro, mais aberta, criando c\u00edrculos maiores, baseados em um carisma que gera alegria, comunh\u00e3o, com maior proximidade ao Povo de Deus, com maior testemunho de comunidade, com maior for\u00e7a como Fam\u00edlia Claretiana, com uma miss\u00e3o mais interprovincial, mais intercultural, mais inter-carism\u00e1tica, com maior presen\u00e7a universal, trabalhando mais com os outros, abrindo c\u00edrculos para as periferias e os mais marginalizados, sempre abertos \u00e0 realidade&#8230; Uma congrega\u00e7\u00e3o enraizada e arriscada.<\/p>\n<p>&nbsp;<\/p>\n<p>Grupo 5: Francisco Car\u00edn &#8211; Joseph Mbungu-Mutu.<\/p>\n<p>Apresentam a Congrega\u00e7\u00e3o como um cora\u00e7\u00e3o iluminado pelo fogo do amor de Deus: cheio de vida, enraizado no carisma, pronto para ir al\u00e9m com nossos sonhos, direcionados aos pobres, &#8230; Somos claretianos. Cora\u00e7\u00f5es ardentes.<\/p>\n<p>&nbsp;<\/p>\n<p>Grupo 6: Todo o grupo.<\/p>\n<p>Apresentam a Congrega\u00e7\u00e3o como um espa\u00e7o mission\u00e1rio compartilhado. Um mapa da Cor\u00e9ia sem barreiras ou divis\u00f5es. O poder do Esp\u00edrito Santo traz paz. Sonhamos com uma miss\u00e3o estabelecida pela primeira vez na Cor\u00e9ia do Norte. Significa que crescemos tanto na Congrega\u00e7\u00e3o que a Palavra de Deus \u00e9 todo mission\u00e1rio claretiano. Todo o minist\u00e9rio est\u00e1 centrado na Palavra de Deus. Isso est\u00e1 presente em todo minist\u00e9rio, em toda comunidade. A Eucaristia como centro de tudo. Caminhando juntos em miss\u00e3o compartilhada (interculturalidade, sinodalidade &#8230;).<\/p>\n<p>Ap\u00f3s as apresenta\u00e7\u00f5es, Gonzalo Fern\u00e1ndez resume que amanh\u00e3 devemos tentar traduzir toda essa energia e entusiasmo em um projeto que chegue ao XXVI Cap\u00edtulo Geral. A partir de amanh\u00e3, focaremos nesta quest\u00e3o: O que podemos desenhar e projetar daqui para o Cap\u00edtulo Geral? De certa forma, diz Gonzalo, pode-se at\u00e9 dizer que o Cap\u00edtulo Geral: cerca de 30% dos capitulares est\u00e3o presentes nesta sala agora.<\/p>\n<p>Gonzalo deixa um espa\u00e7o de tempo aberto para que os presentes possam compartilhar espont\u00e2nea e brevemente algumas rea\u00e7\u00f5es: o que nosso cora\u00e7\u00e3o diz?<\/p>\n<p>Entusiasmo, Deus nos convida a dar um passo \u00e0 frente.<\/p>\n<p>Quero ser parte desta Congrega\u00e7\u00e3o.<\/p>\n<p>Isto nos convida a sermos mais aut\u00eanticos, n\u00e3o devemos sair das ra\u00edzes e do carisma que recebemos e que nos d\u00e3o vida.<\/p>\n<p>Foram recolhidas as sementes de vida das quais fal\u00e1vamos ontem de modo diferente.<\/p>\n<p>Cada um de n\u00f3s contribuiu para fazer o esbo\u00e7o das apresenta\u00e7\u00f5es\u2026 Esta capacidade de aceitar-nos com nossos talentos, limites, estamos voando alto juntos.<\/p>\n<p>Estou contente de que possamos sonhar juntos. Continuemos sonhando juntos.<\/p>\n<p>Sinto que tudo isto manifesta uma atitude positiva, luminosa, e que produz energia, um dinamismo vivo.<\/p>\n<p>Enraizados em Cristo\u2026 e arriscados por Cristo \u2026<\/p>\n<p>Os sonhos nos permitem ver o passado, viver o presente e sonhar o futuro.<\/p>\n<p>Gonzalo Fern\u00e1ndez conclui dizendo que quando &#8220;brincamos&#8221; juntos, ocorre um milagre da criatividade. E ele se pergunta e interpela: haveria alguma maneira de nossos irm\u00e3os &#8220;brincarem&#8221; na prepara\u00e7\u00e3o do Cap\u00edtulo Geral, gerando entusiasmo, n\u00e3o t\u00e9dio, como n\u00f3s &#8220;brincamos&#8221; hoje?<\/p>\n<p>Comunica-se que amanh\u00e3 a Eucaristia ser\u00e1 \u00e0s 07h30 porque \u00e0 tarde haver\u00e1 a Via Sacra.<\/p>\n<p>A sess\u00e3o \u00e9 encerrada \u00e0s 18h15.<\/p>\n<p>A Eucaristia \u00e9 preparada pelos Superiores Maiores dos Organismos de ASCLA West e presidida por Luis Armando Valencia.<\/p>\n<p>&nbsp;<\/p>\n<p>Padre Joseba Kamiruaga Mieza, CMF<\/p>\n<p>Secret\u00e1rio Geral<\/p>\n<p>&nbsp;<\/p>\n<p>Fotos do encontro:<\/p>\n<p>[envira-album id=&#8221;70876&#8243;]<\/p>\n","protected":false},"excerpt":{"rendered":"<p>A ora\u00e7\u00e3o da manh\u00e3 foi preparada e motivada pelos Organismos Maiores de ASCLA West. Na mesma se recordou e celebrou, de modo especial, os 52 anos de vida de Luis Armando Valencia. A sess\u00e3o come\u00e7a \u00e0s 9h00 com a ora\u00e7\u00e3o a partir da m\u00fasica \u201cTua Palavra me d\u00e1 vida\u201d, da escuta da Palavra de Deus [&hellip;]<\/p>\n","protected":false},"author":2,"featured_media":71649,"comment_status":"closed","ping_status":"closed","sticky":false,"template":"","format":"standard","meta":{"_et_pb_use_builder":"","_et_pb_old_content":"","_et_gb_content_width":"","footnotes":""},"categories":[2520],"tags":[],"class_list":["post-72818","post","type-post","status-publish","format-standard","has-post-thumbnail","hentry","category-xxvi-capitulo-geral"],"jetpack_featured_media_url":"https:\/\/i0.wp.com\/www.claret.org\/wp-content\/uploads\/2020\/01\/GG-20200116-GGSM-D4-4.jpg?fit=2400%2C1600&ssl=1","jetpack_sharing_enabled":true,"jetpack_shortlink":"https:\/\/wp.me\/pdaBmi-iWu","jetpack_likes_enabled":true,"_links":{"self":[{"href":"https:\/\/www.claret.org\/pt-pt\/wp-json\/wp\/v2\/posts\/72818","targetHints":{"allow":["GET"]}}],"collection":[{"href":"https:\/\/www.claret.org\/pt-pt\/wp-json\/wp\/v2\/posts"}],"about":[{"href":"https:\/\/www.claret.org\/pt-pt\/wp-json\/wp\/v2\/types\/post"}],"author":[{"embeddable":true,"href":"https:\/\/www.claret.org\/pt-pt\/wp-json\/wp\/v2\/users\/2"}],"replies":[{"embeddable":true,"href":"https:\/\/www.claret.org\/pt-pt\/wp-json\/wp\/v2\/comments?post=72818"}],"version-history":[{"count":0,"href":"https:\/\/www.claret.org\/pt-pt\/wp-json\/wp\/v2\/posts\/72818\/revisions"}],"wp:featuredmedia":[{"embeddable":true,"href":"https:\/\/www.claret.org\/pt-pt\/wp-json\/wp\/v2\/media\/71649"}],"wp:attachment":[{"href":"https:\/\/www.claret.org\/pt-pt\/wp-json\/wp\/v2\/media?parent=72818"}],"wp:term":[{"taxonomy":"category","embeddable":true,"href":"https:\/\/www.claret.org\/pt-pt\/wp-json\/wp\/v2\/categories?post=72818"},{"taxonomy":"post_tag","embeddable":true,"href":"https:\/\/www.claret.org\/pt-pt\/wp-json\/wp\/v2\/tags?post=72818"}],"curies":[{"name":"wp","href":"https:\/\/api.w.org\/{rel}","templated":true}]}}