{"id":74527,"date":"2020-02-05T17:59:19","date_gmt":"2020-02-05T16:59:19","guid":{"rendered":"https:\/\/www.claret.org\/uma-experiencia-de-primeira-mao-do-programa-de-voluntariado-em-ingeniero-jacobacci-argentina\/"},"modified":"2020-02-05T17:59:19","modified_gmt":"2020-02-05T16:59:19","slug":"uma-experiencia-de-primeira-mao-do-programa-de-voluntariado-em-ingeniero-jacobacci-argentina","status":"publish","type":"post","link":"https:\/\/www.claret.org\/pt-pt\/uma-experiencia-de-primeira-mao-do-programa-de-voluntariado-em-ingeniero-jacobacci-argentina\/","title":{"rendered":"Uma experi\u00eancia de primeira m\u00e3o do programa de voluntariado em Ingeniero Jacobacci (Argentina)"},"content":{"rendered":"<p><strong>Ingeniero Jacobacci, Argentina<\/strong>. Depois da Reuni\u00e3o do Governo Geral com os Superiores Maiores no Chile, e ap\u00f3s as celebra\u00e7\u00f5es do Congresso de Espiritualidade Claretiana e o 150\u00ba anivers\u00e1rio da chegada dos Mission\u00e1rios Claretianos \u00e0 Am\u00e9rica, o Pe. Artur Teixeira, CMF, Prefeito Geral de Apostolado, visitou a comunidade claretiana na regi\u00e3o da Patag\u00f4nia argentina para ter uma experi\u00eancia em primeira m\u00e3o de seu programa de voluntariado.<\/p>\n<p>Deixamos a seguir uma c\u00f3pia de sua experi\u00eancia que foi publicada no site da Prefeitura Geral de Apostolado:<\/p>\n<p>&#8220;No dia 27 de janeiro de 2020, encontrei o bispo local, Dom Juan Jos\u00e9 Chaparro, CMF, na cidade de Bariloche. Al\u00e9m da catedral e de outros lugares tur\u00edsticos pr\u00f3ximos, dei uma volta para ver brevemente os lagos, colinas e outros tesouros impressionantes de nossa m\u00e3e natureza. Naquela noite, o Ir. Marcos Niclis, CMF (superior da comunidade) e eu, pegamos o \u00f4nibus e viajamos para Ingeniero Jacobacci. A paisagem mudou \u00e0 medida que nos afastamos da cidade e das estradas. Chegamos l\u00e1 s\u00e3os e salvos naquela noite e o Pe. M\u00e1rio B\u00fassulo, CMF nos recebeu. O terceiro membro da comunidade (Pe. Pedro Rojas, CMF, p\u00e1roco local) estava em uma regi\u00e3o remota acompanhando um grupo de 20 estudantes universit\u00e1rios de Bah\u00eda Blanca (Argentina) que foram l\u00e1 evangelizar.<\/p>\n<p>Nos dias seguintes at\u00e9 1\u00ba de fevereiro, experimentei a vida mission\u00e1ria di\u00e1ria em Jacobacci Engineer, uma periferia que tem cerca de 25.000 habitantes espalhados por um territ\u00f3rio de 33.000 km2, composto por 2 cidades (al\u00e9m de Jacobacci, est\u00e1 Maquinchao) e suas 22 comunidades rurais (localmente chamadas de &#8220;paragens&#8221;). O povo mapuche \u00e9 predominante.<\/p>\n<p>Ao come\u00e7ar as visitas \u00e0s fam\u00edlias, institui\u00e7\u00f5es pastorais, sociais e culturais, os mercados de artesanato mapuche, ao ouvir os paroquianos e outros cidad\u00e3os comprometidos em seus bairros pobres, me dei conta de suas alegrias, lutas, esperan\u00e7as e incertezas. Pouco a pouco, espontaneamente, compartilharam sua profunda gratid\u00e3o pela presen\u00e7a claretiana em seu meio, acompanhando-os, apoiando-os, capacitando-os e advogando por sua terra, bem como por \u00e1gua, g\u00e1s, eletricidade, moradia, educa\u00e7\u00e3o e mais oportunidades de emprego (em vez de apenas os neg\u00f3cios de minera\u00e7\u00e3o). Tamb\u00e9m apreciei a oportunidade de me encontrar com o coordenador de Miss\u00e3o e Solidariedade de MICLA, com o coordenador provincial do JPIC, com alguns l\u00edderes locais e participar de um programa de transmiss\u00e3o na R\u00e1dio Nacional.<\/p>\n<p>Em uma periferia t\u00e3o dif\u00edcil, \u00e9 necess\u00e1rio um di\u00e1logo constante, respeito, mentes, cora\u00e7\u00f5es e m\u00e3os unidas para permitir a melhor sabedoria da comunidade e a miss\u00e3o compartilhada de todos, a fim de continuar construindo uma estrat\u00e9gia ecol\u00f3gica e sustent\u00e1vel de longo prazo que perdure enquanto enfrentamos os principais desafios, obst\u00e1culos e amea\u00e7as sem negligenciar nosso DNA.<\/p>\n<p>Os mission\u00e1rios claretianos e seu povo em Ingeniero  Jacobacci n\u00e3o est\u00e3o sozinhos. Mantenhamo-nos genuinamente comprometidos com a terra e efetivamente interconectados em solidariedade. Espero que este lugar sagrado na Patag\u00f4nia possa ser apresentado a mais estudantes de gradua\u00e7\u00e3o e jovens profissionais para uma experi\u00eancia transformadora em suas vidas&#8221;.<\/p>\n<p>Para conhecer mais sobre os diferentes programas e apostolados da Congrega\u00e7\u00e3o, pode-se visitar http:\/\/www.apostoladocmf.org\/<\/p>\n","protected":false},"excerpt":{"rendered":"<p>Ingeniero Jacobacci, Argentina. Depois da Reuni\u00e3o do Governo Geral com os Superiores Maiores no Chile, e ap\u00f3s as celebra\u00e7\u00f5es do Congresso de Espiritualidade Claretiana e o 150\u00ba anivers\u00e1rio da chegada dos Mission\u00e1rios Claretianos \u00e0 Am\u00e9rica, o Pe. Artur Teixeira, CMF, Prefeito Geral de Apostolado, visitou a comunidade claretiana na regi\u00e3o da Patag\u00f4nia argentina para ter [&hellip;]<\/p>\n","protected":false},"author":2,"featured_media":74451,"comment_status":"closed","ping_status":"closed","sticky":false,"template":"","format":"standard","meta":{"_et_pb_use_builder":"","_et_pb_old_content":"","_et_gb_content_width":"","footnotes":""},"categories":[410,393],"tags":[],"class_list":["post-74527","post","type-post","status-publish","format-standard","has-post-thumbnail","hentry","category-apostolado-pt-pt","category-san-jose-del-sur-pt-pt"],"jetpack_featured_media_url":"https:\/\/i0.wp.com\/www.claret.org\/wp-content\/uploads\/2020\/02\/147792.jpg?fit=800%2C357&ssl=1","jetpack_sharing_enabled":true,"jetpack_shortlink":"https:\/\/wp.me\/pdaBmi-jo3","jetpack_likes_enabled":true,"_links":{"self":[{"href":"https:\/\/www.claret.org\/pt-pt\/wp-json\/wp\/v2\/posts\/74527","targetHints":{"allow":["GET"]}}],"collection":[{"href":"https:\/\/www.claret.org\/pt-pt\/wp-json\/wp\/v2\/posts"}],"about":[{"href":"https:\/\/www.claret.org\/pt-pt\/wp-json\/wp\/v2\/types\/post"}],"author":[{"embeddable":true,"href":"https:\/\/www.claret.org\/pt-pt\/wp-json\/wp\/v2\/users\/2"}],"replies":[{"embeddable":true,"href":"https:\/\/www.claret.org\/pt-pt\/wp-json\/wp\/v2\/comments?post=74527"}],"version-history":[{"count":0,"href":"https:\/\/www.claret.org\/pt-pt\/wp-json\/wp\/v2\/posts\/74527\/revisions"}],"wp:featuredmedia":[{"embeddable":true,"href":"https:\/\/www.claret.org\/pt-pt\/wp-json\/wp\/v2\/media\/74451"}],"wp:attachment":[{"href":"https:\/\/www.claret.org\/pt-pt\/wp-json\/wp\/v2\/media?parent=74527"}],"wp:term":[{"taxonomy":"category","embeddable":true,"href":"https:\/\/www.claret.org\/pt-pt\/wp-json\/wp\/v2\/categories?post=74527"},{"taxonomy":"post_tag","embeddable":true,"href":"https:\/\/www.claret.org\/pt-pt\/wp-json\/wp\/v2\/tags?post=74527"}],"curies":[{"name":"wp","href":"https:\/\/api.w.org\/{rel}","templated":true}]}}