{"id":75487,"date":"2020-02-22T12:00:18","date_gmt":"2020-02-22T11:00:18","guid":{"rendered":"https:\/\/www.claret.org\/sem-categoria\/encontro-dos-superiores-locais-na-delegacao-das-antilhas\/"},"modified":"2020-02-26T13:49:03","modified_gmt":"2020-02-26T12:49:03","slug":"encontro-dos-superiores-locais-na-delegacao-das-antilhas","status":"publish","type":"post","link":"https:\/\/www.claret.org\/pt-pt\/encontro-dos-superiores-locais-na-delegacao-das-antilhas\/","title":{"rendered":"Encontro dos Superiores Locais na Delega\u00e7\u00e3o das Antilhas"},"content":{"rendered":"<p><span style=\"font-size: 14pt;\"><strong>Santo Domingo, Rep\u00fablica Dominicana<\/strong>. Os Superiores Locais da Delega\u00e7\u00e3o Independente das Antilhas se reuniram na Casa de Retiros Claret em Santo Domingo, de 17 a 21 de fevereiro de 2020, para um encontro que teve como objetivo dinamizar o papel do superior local nas comunidades mission\u00e1rias da Delega\u00e7\u00e3o.<\/span><\/p>\n<p><span style=\"font-size: 14pt;\">Durante as jornadas dedicaram tempo para compartilhar a realidade da vida e miss\u00e3o das posi\u00e7\u00f5es mission\u00e1rias no Haiti, Porto Rico, Cuba e Rep\u00fablica Dominicana. Da mesma forma, houve espa\u00e7o para aprofundar a identidade e a miss\u00e3o do superior local e tamb\u00e9m para aprofundar o trabalho que est\u00e1 sendo realizado nas diferentes prefeituras e servi\u00e7os de anima\u00e7\u00e3o mission\u00e1ria. O dinamismo do encontro foi uma oportunidade para que os participantes:<\/span><\/p>\n<p><span style=\"font-size: 14pt;\">Ofere\u00e7am propostas tem\u00e1ticas de acordo com as necessidades dos membros da Delega\u00e7\u00e3o, a fim de criar o programa de forma\u00e7\u00e3o permanente.<\/span><\/p>\n<p><span style=\"font-size: 14pt;\">Estudem a fundo o Vademecum dos Mission\u00e1rios Claretianos &#8211; Manual e Protocolo para a prote\u00e7\u00e3o de menores e adultos vulner\u00e1veis, e a preven\u00e7\u00e3o e interven\u00e7\u00e3o em face de um delito de abuso sexual.<\/span><\/p>\n<p><span style=\"font-size: 14pt;\">Conhe\u00e7am e sugiram propostas a serem consideradas no Plano de A\u00e7\u00e3o para a Cria\u00e7\u00e3o do Plano de Autofinanciamento do Organismo.<\/span><\/p>\n<p><span style=\"font-size: 14pt;\">Orientem mais e melhor a finalidade, o conte\u00fado, tarefas e compet\u00eancias da Prefeitura de Espiritualidade na Delega\u00e7\u00e3o.<\/span><\/p>\n<p><span style=\"font-size: 14pt;\">Estes dias tornaram-se n\u00e3o apenas um f\u00f3rum primordial de discernimento e proje\u00e7\u00e3o da caminhada da Delega\u00e7\u00e3o, mas tamb\u00e9m em uma ocasi\u00e3o para continuar comprometendo-se com a vitalidade mission\u00e1ria do Organismo.<\/span><\/p>\n<p>&nbsp;<\/p>\n<p><span style=\"font-size: 14pt;\">[envira-gallery id=&#8221;75358&#8243;]<\/span><\/p>\n","protected":false},"excerpt":{"rendered":"<p>Santo Domingo, Rep\u00fablica Dominicana. Os Superiores Locais da Delega\u00e7\u00e3o Independente das Antilhas se reuniram na Casa de Retiros Claret em Santo Domingo, de 17 a 21 de fevereiro de 2020, para um encontro que teve como objetivo dinamizar o papel do superior local nas comunidades mission\u00e1rias da Delega\u00e7\u00e3o. Durante as jornadas dedicaram tempo para compartilhar [&hellip;]<\/p>\n","protected":false},"author":2,"featured_media":75364,"comment_status":"closed","ping_status":"closed","sticky":false,"template":"","format":"standard","meta":{"_et_pb_use_builder":"","_et_pb_old_content":"","_et_gb_content_width":"","footnotes":""},"categories":[358],"tags":[],"class_list":["post-75487","post","type-post","status-publish","format-standard","has-post-thumbnail","hentry","category-antillas-pt-pt"],"jetpack_featured_media_url":"https:\/\/i0.wp.com\/www.claret.org\/wp-content\/uploads\/2020\/02\/AN-20200222-Encuentro-de-los-Superiores-Locales-1.jpeg?fit=1280%2C960&ssl=1","jetpack_sharing_enabled":true,"jetpack_shortlink":"https:\/\/wp.me\/pdaBmi-jDx","jetpack_likes_enabled":true,"_links":{"self":[{"href":"https:\/\/www.claret.org\/pt-pt\/wp-json\/wp\/v2\/posts\/75487","targetHints":{"allow":["GET"]}}],"collection":[{"href":"https:\/\/www.claret.org\/pt-pt\/wp-json\/wp\/v2\/posts"}],"about":[{"href":"https:\/\/www.claret.org\/pt-pt\/wp-json\/wp\/v2\/types\/post"}],"author":[{"embeddable":true,"href":"https:\/\/www.claret.org\/pt-pt\/wp-json\/wp\/v2\/users\/2"}],"replies":[{"embeddable":true,"href":"https:\/\/www.claret.org\/pt-pt\/wp-json\/wp\/v2\/comments?post=75487"}],"version-history":[{"count":0,"href":"https:\/\/www.claret.org\/pt-pt\/wp-json\/wp\/v2\/posts\/75487\/revisions"}],"wp:featuredmedia":[{"embeddable":true,"href":"https:\/\/www.claret.org\/pt-pt\/wp-json\/wp\/v2\/media\/75364"}],"wp:attachment":[{"href":"https:\/\/www.claret.org\/pt-pt\/wp-json\/wp\/v2\/media?parent=75487"}],"wp:term":[{"taxonomy":"category","embeddable":true,"href":"https:\/\/www.claret.org\/pt-pt\/wp-json\/wp\/v2\/categories?post=75487"},{"taxonomy":"post_tag","embeddable":true,"href":"https:\/\/www.claret.org\/pt-pt\/wp-json\/wp\/v2\/tags?post=75487"}],"curies":[{"name":"wp","href":"https:\/\/api.w.org\/{rel}","templated":true}]}}