{"id":76003,"date":"2020-03-08T23:27:03","date_gmt":"2020-03-08T22:27:03","guid":{"rendered":"https:\/\/www.claret.org\/sem-categoria\/celebracao-das-bodas-de-prata-e-bencao-da-nova-igreja-em-bishrail-bengala-ocidental\/"},"modified":"2020-03-09T13:10:38","modified_gmt":"2020-03-09T12:10:38","slug":"celebracao-das-bodas-de-prata-e-bencao-da-nova-igreja-em-bishrail-bengala-ocidental","status":"publish","type":"post","link":"https:\/\/www.claret.org\/pt-pt\/celebracao-das-bodas-de-prata-e-bencao-da-nova-igreja-em-bishrail-bengala-ocidental\/","title":{"rendered":"Celebra\u00e7\u00e3o das Bodas de Prata e B\u00ean\u00e7\u00e3o da nova igreja em Bishrail, Bengala Ocidental"},"content":{"rendered":"<p><span style=\"font-family: arial, helvetica, sans-serif; font-size: 14pt;\"><strong>Bishrail, \u00cdndia<\/strong>. Este ano, celebram-se as Bodas de Prata do in\u00edcio da Par\u00f3quia Santo Ant\u00f4nio Maria Claret em Bishrail, na diocese de Raiganj, Calcut\u00e1.<\/span><\/p>\n<p><span style=\"font-family: arial, helvetica, sans-serif; font-size: 14pt;\">V\u00e1rios eventos est\u00e3o sendo realizados ao longo do ano para comemorar este jubileu. O mais importante deles foi a inaugura\u00e7\u00e3o e a b\u00ean\u00e7\u00e3o da nova Igreja em 23 de fevereiro de 2020. O Pe. V. Lawrence CMF, Superior Maior da Delega\u00e7\u00e3o de Calcut\u00e1, a inaugurou, enquanto Dom Fulgence Kerketta, Bispo de Raiganj, a aben\u00e7oou e consagrou.<\/span><\/p>\n<p><span style=\"font-family: arial, helvetica, sans-serif; font-size: 14pt;\">O Revmo. Pe. Paulus Marandi, Vig\u00e1rio Geral da Diocese, e muitos outros padres, diocesanos e religiosos, religiosas e mission\u00e1rias claretianas participaram do evento. Cerca de 800 fi\u00e9is participaram da celebra\u00e7\u00e3o com dan\u00e7as e can\u00e7\u00f5es coloridas de Santhali.<\/span><\/p>\n<p><span style=\"font-family: arial, helvetica, sans-serif; font-size: 14pt;\">Os santhals s\u00e3o uma das tribos mais importantes da \u00cdndia e, econ\u00f4mica e socialmente, muito pobres e atrasadas. Os mission\u00e1rios claretianos, assim que chegaram a Calcut\u00e1, desde Tamil Nadu, em 1986, optaram por trabalhar com o povo de Santhal. Bishrail \u00e9 a primeira par\u00f3quia dos mission\u00e1rios claretianos de Santhal. Ap\u00f3s o in\u00edcio da Par\u00f3quia, teve in\u00edcio tamb\u00e9m uma Escola de Ensino M\u00e9dio em ingl\u00eas para educar as crian\u00e7as de Santhal. Agora j\u00e1 existem duas creches para meninos e meninas. As Irm\u00e3s da Rainha dos Ap\u00f3stolos (SRA) colaboram em uma miss\u00e3o compartilhada na Par\u00f3quia, cuidando do albergue de meninas e ensinando na escola. As atividades essenciais na par\u00f3quia s\u00e3o a anima\u00e7\u00e3o das comunidades eclesiais de base, a catequese de crian\u00e7as e jovens e a organiza\u00e7\u00e3o das mulheres.<\/span><\/p>\n<p>&nbsp;<\/p>\n<p>&nbsp;<\/p>\n<p><span style=\"font-family: arial, helvetica, sans-serif; font-size: 14pt;\">[envira-gallery id=&#8221;75953&#8243;]<\/span><\/p>\n","protected":false},"excerpt":{"rendered":"<p>Bishrail, \u00cdndia. Este ano, celebram-se as Bodas de Prata do in\u00edcio da Par\u00f3quia Santo Ant\u00f4nio Maria Claret em Bishrail, na diocese de Raiganj, Calcut\u00e1. V\u00e1rios eventos est\u00e3o sendo realizados ao longo do ano para comemorar este jubileu. O mais importante deles foi a inaugura\u00e7\u00e3o e a b\u00ean\u00e7\u00e3o da nova Igreja em 23 de fevereiro de [&hellip;]<\/p>\n","protected":false},"author":2,"featured_media":75958,"comment_status":"closed","ping_status":"closed","sticky":false,"template":"","format":"standard","meta":{"_et_pb_use_builder":"","_et_pb_old_content":"","_et_gb_content_width":"","footnotes":""},"categories":[542,235],"tags":[],"class_list":["post-76003","post","type-post","status-publish","format-standard","has-post-thumbnail","hentry","category-aniversarios-pt-pt","category-kolkata-pt-pt"],"jetpack_featured_media_url":"https:\/\/i0.wp.com\/www.claret.org\/wp-content\/uploads\/2020\/03\/KO-20200223-Jubilee-Celebration-at-Bishrail-1.jpg?fit=2560%2C1707&ssl=1","jetpack_sharing_enabled":true,"jetpack_shortlink":"https:\/\/wp.me\/pdaBmi-jLR","jetpack_likes_enabled":true,"_links":{"self":[{"href":"https:\/\/www.claret.org\/pt-pt\/wp-json\/wp\/v2\/posts\/76003","targetHints":{"allow":["GET"]}}],"collection":[{"href":"https:\/\/www.claret.org\/pt-pt\/wp-json\/wp\/v2\/posts"}],"about":[{"href":"https:\/\/www.claret.org\/pt-pt\/wp-json\/wp\/v2\/types\/post"}],"author":[{"embeddable":true,"href":"https:\/\/www.claret.org\/pt-pt\/wp-json\/wp\/v2\/users\/2"}],"replies":[{"embeddable":true,"href":"https:\/\/www.claret.org\/pt-pt\/wp-json\/wp\/v2\/comments?post=76003"}],"version-history":[{"count":0,"href":"https:\/\/www.claret.org\/pt-pt\/wp-json\/wp\/v2\/posts\/76003\/revisions"}],"wp:featuredmedia":[{"embeddable":true,"href":"https:\/\/www.claret.org\/pt-pt\/wp-json\/wp\/v2\/media\/75958"}],"wp:attachment":[{"href":"https:\/\/www.claret.org\/pt-pt\/wp-json\/wp\/v2\/media?parent=76003"}],"wp:term":[{"taxonomy":"category","embeddable":true,"href":"https:\/\/www.claret.org\/pt-pt\/wp-json\/wp\/v2\/categories?post=76003"},{"taxonomy":"post_tag","embeddable":true,"href":"https:\/\/www.claret.org\/pt-pt\/wp-json\/wp\/v2\/tags?post=76003"}],"curies":[{"name":"wp","href":"https:\/\/api.w.org\/{rel}","templated":true}]}}