{"id":76349,"date":"2020-03-18T18:09:58","date_gmt":"2020-03-18T17:09:58","guid":{"rendered":"https:\/\/www.claret.org\/sem-categoria\/ir-urbain-herrero-rubio-cmf\/"},"modified":"2020-03-18T18:09:58","modified_gmt":"2020-03-18T17:09:58","slug":"ir-urbain-herrero-rubio-cmf","status":"publish","type":"post","link":"https:\/\/www.claret.org\/pt-pt\/ir-urbain-herrero-rubio-cmf\/","title":{"rendered":"Ir. URBAIN HERRERO RUBIO, CMF"},"content":{"rendered":"<p><span style=\"font-family: 'times new roman', times, serif; font-size: 14pt;\">Morreu no dia 18 de mar\u00e7o de 2020 em Victoriaville, Qu\u00e9bec, Canad\u00e1.<\/span><\/p>\n<p>&nbsp;<\/p>\n<p><span style=\"font-family: 'times new roman', times, serif; font-size: 14pt;\">Tinha 95 anos de idade.<\/span><\/p>\n<p>&nbsp;<\/p>\n<p><span style=\"font-family: 'times new roman', times, serif; font-size: 14pt;\">Pertencia \u00e0 Prov\u00edncia de USA-CANAD\u00c1.<\/span><\/p>\n<p>&nbsp;<\/p>\n<p><span style=\"font-family: 'times new roman', times, serif; font-size: 14pt;\">Descanse na Paz do Senhor.<\/span><\/p>\n","protected":false},"excerpt":{"rendered":"<p>Morreu no dia 18 de mar\u00e7o de 2020 em Victoriaville, Qu\u00e9bec, Canad\u00e1. &nbsp; Tinha 95 anos de idade. &nbsp; Pertencia \u00e0 Prov\u00edncia de USA-CANAD\u00c1. &nbsp; Descanse na Paz do Senhor.<\/p>\n","protected":false},"author":3,"featured_media":76341,"comment_status":"closed","ping_status":"closed","sticky":false,"template":"","format":"standard","meta":{"_et_pb_use_builder":"","_et_pb_old_content":"","_et_gb_content_width":"","footnotes":""},"categories":[562],"tags":[],"class_list":["post-76349","post","type-post","status-publish","format-standard","has-post-thumbnail","hentry","category-falecido"],"jetpack_featured_media_url":"https:\/\/i0.wp.com\/www.claret.org\/wp-content\/uploads\/2020\/03\/1185974361Urbain.jpg?fit=162%2C122&ssl=1","jetpack_sharing_enabled":true,"jetpack_shortlink":"https:\/\/wp.me\/pdaBmi-jRr","jetpack_likes_enabled":true,"_links":{"self":[{"href":"https:\/\/www.claret.org\/pt-pt\/wp-json\/wp\/v2\/posts\/76349","targetHints":{"allow":["GET"]}}],"collection":[{"href":"https:\/\/www.claret.org\/pt-pt\/wp-json\/wp\/v2\/posts"}],"about":[{"href":"https:\/\/www.claret.org\/pt-pt\/wp-json\/wp\/v2\/types\/post"}],"author":[{"embeddable":true,"href":"https:\/\/www.claret.org\/pt-pt\/wp-json\/wp\/v2\/users\/3"}],"replies":[{"embeddable":true,"href":"https:\/\/www.claret.org\/pt-pt\/wp-json\/wp\/v2\/comments?post=76349"}],"version-history":[{"count":0,"href":"https:\/\/www.claret.org\/pt-pt\/wp-json\/wp\/v2\/posts\/76349\/revisions"}],"wp:featuredmedia":[{"embeddable":true,"href":"https:\/\/www.claret.org\/pt-pt\/wp-json\/wp\/v2\/media\/76341"}],"wp:attachment":[{"href":"https:\/\/www.claret.org\/pt-pt\/wp-json\/wp\/v2\/media?parent=76349"}],"wp:term":[{"taxonomy":"category","embeddable":true,"href":"https:\/\/www.claret.org\/pt-pt\/wp-json\/wp\/v2\/categories?post=76349"},{"taxonomy":"post_tag","embeddable":true,"href":"https:\/\/www.claret.org\/pt-pt\/wp-json\/wp\/v2\/tags?post=76349"}],"curies":[{"name":"wp","href":"https:\/\/api.w.org\/{rel}","templated":true}]}}