{"id":78825,"date":"2020-05-19T12:18:35","date_gmt":"2020-05-19T10:18:35","guid":{"rendered":"https:\/\/www.claret.org\/sem-categoria\/dando-as-boas-vindas-a-nova-vida-normal-com-o-covid-19-ao-nosso-redor\/"},"modified":"2020-05-19T12:18:35","modified_gmt":"2020-05-19T10:18:35","slug":"dando-as-boas-vindas-a-nova-vida-normal-com-o-covid-19-ao-nosso-redor","status":"publish","type":"post","link":"https:\/\/www.claret.org\/pt-pt\/dando-as-boas-vindas-a-nova-vida-normal-com-o-covid-19-ao-nosso-redor\/","title":{"rendered":"Dando as boas-vindas \u00e0 &#8220;nova vida normal&#8221; com o Covid-19 ao nosso redor"},"content":{"rendered":"<p><span style=\"font-family: 'times new roman', times, serif;\">Queridos irm\u00e3os:<\/span><\/p>\n<p><span style=\"font-family: 'times new roman', times, serif;\">Sauda\u00e7\u00f5es neste tempo de P\u00e1scoa! Depois de quase tr\u00eas meses nos acostumando a combater o v\u00edrus da pandemia, \u00e0 quarentena preventiva e a cumprir nossa miss\u00e3o dentro de suas limita\u00e7\u00f5es, estamos aprendendo lentamente a manter a calma com os tempos do COVID. Em Roma, estamos voltando a uma vida &#8220;normal&#8221; com algumas restri\u00e7\u00f5es ap\u00f3s 10 semanas de quarentena. Em alguns pa\u00edses, a pandemia est\u00e1 caminhando para o seu pico. Certamente, o que n\u00e3o sabemos sobre o v\u00edrus \u00e9 mais do que sabemos sobre ele. No entanto, existe uma consci\u00eancia razo\u00e1vel da natureza da propaga\u00e7\u00e3o, das condi\u00e7\u00f5es de recupera\u00e7\u00e3o e dos riscos de infec\u00e7\u00e3o. Sejamos cautelosos sobre qualquer eventual segunda ou terceira onda da pandemia que possa causar mais danos. O distanciamento f\u00edsico respons\u00e1vel continua sendo a melhor pr\u00e1tica para evitar a infec\u00e7\u00e3o e n\u00e3o infectar outras pessoas. O v\u00edrus COVID-19 provavelmente se juntar\u00e1 ao clube de outros v\u00edrus que nos cercam e amea\u00e7am a vida humana at\u00e9 que uma vacina esteja dispon\u00edvel.<\/span><\/p>\n<p><span style=\"font-family: 'times new roman', times, serif;\">Mais de uma dezena de nossos irm\u00e3os testou positivo para COVID com alguns sintomas, mas a provid\u00eancia os favoreceu para sair da doen\u00e7a, exceto Pe. Julio Vivas Gonz\u00e1lez, que foi chamado \u00e0 casa do pai. Alguns deles compartilharam sua atitude mission\u00e1ria de servir ao Senhor em todas as circunst\u00e2ncias de suas vidas: na sa\u00fade e na doen\u00e7a. Na maioria das miss\u00f5es, nossos irm\u00e3os tomaram iniciativas para estar presentes na luta do povo. \u00c9 bom ver como administramos a realidade da pandemia em cada Organismo Maior. Na C\u00faria Geral, houve momentos para compartilhar tarefas dom\u00e9sticas, tempo especial para adora\u00e7\u00e3o e ora\u00e7\u00e3o e mais tempo para conversar nas refei\u00e7\u00f5es que fortaleceram o v\u00ednculo entre n\u00f3s. Tamb\u00e9m nos preocupamos com o sofrimento crescente do mundo \u00e0 medida que o v\u00edrus da pandemia se espalhou e nos tornamos mais compassivos com nossos vizinhos (ajudando o nosso pessoal, os dois refugiados da C\u00faria Geral e outros grupos vulner\u00e1veis \u200b\u200bem Roma).<\/span><\/p>\n<p><span style=\"font-family: 'times new roman', times, serif;\">O mundo j\u00e1 est\u00e1 enfrentando os efeitos da epidemia global na esfera socioecon\u00f4mica da vida humana. O impacto imediato ocorre nos meios de subsist\u00eancia dos pobres e daqueles que perderam o emprego, embora a maioria dos setores tenha que lidar com seu impacto. Vale a pena perguntar se queremos que o mundo retorne ao modo de vida &#8220;normal&#8221; que negligenciou muitos dos filhos de Deus para continuar com o antigo modo de administrar a coexist\u00eancia das na\u00e7\u00f5es e dos povos, para acostumar-se ao modo como se exploram e repartem os recursos do mundo, e para seguir do mesmo modo irrespons\u00e1vel de cuidar de nossa casa comum. O mundo precisa mover-se para algo melhor. De nossa parte, nos esfor\u00e7aremos com todas as pessoas de boa vontade para realizar o sonho de Jesus para o mundo que ele chamou de &#8220;Reino de Deus&#8221;. Os seres humanos precisam de di\u00e1logos mais honestos para se beneficiar das diferen\u00e7as, conversa\u00e7\u00f5es mais generosas sobre temas comuns e mais a\u00e7\u00f5es coletivas em favor do bem comum para se aproximar desse sonho. Gostaria de compartilhar algumas reflex\u00f5es para nos ajudar a acolher esta fase com a coragem que vem de nossa f\u00e9.<\/span><\/p>\n<p><span style=\"font-family: 'times new roman', times, serif;\">Confian\u00e7a enraizada em nossa experi\u00eancia do Senhor ressuscitado. Embora n\u00e3o saibamos como as coisas v\u00e3o acabar, sabemos que Deus muda tudo para o bem da humanidade que Ele salvou em Cristo (Rm 8, 28). Esta atitude fundamental dissipa o p\u00e2nico e nos permite sempre bendizer o Senhor (Sl 34, 1), como fez o padre Claret.<\/span><\/p>\n<p><span style=\"font-family: 'times new roman', times, serif;\">Aceita\u00e7\u00e3o positiva da realidade. Somos bombardeados com milhares de mensagens factuais e falsas, e tudo isso exige a discrimina\u00e7\u00e3o do trigo e da palha. Tanto o exagero da pandemia em propor\u00e7\u00f5es apocal\u00edpticas quanto a atitude de bom humor de ignorar seu efeito prejudicial na vida humana n\u00e3o nos ajudam a enfrentar a pandemia e seu impacto sobre n\u00f3s. Espero que nossos irm\u00e3os assumam atitudes saud\u00e1veis \u200b\u200bque nos permitam continuar irradiando esperan\u00e7a e evocando uma resposta criativa entre n\u00f3s e ao nosso redor.<\/span><\/p>\n<p><span style=\"font-family: 'times new roman', times, serif;\">Leitura baseada na f\u00e9 sobre o que est\u00e1 acontecendo na hist\u00f3ria. Os seres humanos procuram conhecer a causa dos acontecimentos e fazem muitas interpreta\u00e7\u00f5es e hip\u00f3teses toda vez que algo novo acontece. H\u00e1 uma abund\u00e2ncia de not\u00edcias e pontos de vista sobre a pandemia desde perspectivas hist\u00f3ricas, sociais, econ\u00f4micas, m\u00e9dicas, pol\u00edticas e biol\u00f3gicas. A antiga quest\u00e3o de Deus e do mal tamb\u00e9m veio \u00e0 tona em busca de respostas. Durante essa pandemia, tamb\u00e9m enfrentamos a mesma pergunta que as pessoas fizeram ao salmista em meio ao sofrimento: &#8220;Onde est\u00e1 o teu Deus?&#8221; (Sl 42, 4). A pandemia tamb\u00e9m abalou aqueles que acreditam que a ci\u00eancia pode prever e gerenciar problemas humanos sem se voltar para Deus. Atrav\u00e9s do amor revelado e oferecido na cruz de Cristo, somos capazes de encontrar o sentido e a alegria de acolher a vida com seus entusiasmos e sofrimentos, e de abra\u00e7ar a morte em paz quando chegar a hora. O testemunho crist\u00e3o de f\u00e9 e servi\u00e7o aos enfermos e necessitados afirma a dignidade divina de cada pessoa e a responsabilidade dos fortes e saud\u00e1veis \u200b\u200bpara cuidar dos fracos e doentes at\u00e9 mesmo ao custo de suas pr\u00f3prias vidas. Vimos estes valores em a\u00e7\u00e3o durante essa pandemia. Ensina-nos o di\u00e1logo necess\u00e1rio entre f\u00e9 e raz\u00e3o.<\/span><\/p>\n<p><span style=\"font-family: 'times new roman', times, serif;\">Valores aprendidos durante a pandemia. Embora estejamos tristes com o sofrimento e a morte de muitas pessoas em todo o mundo, n\u00e3o negligenciaremos muitas das li\u00e7\u00f5es que aprendemos para toda a vida durante este per\u00edodo de pandemia. Muitos de nossos irm\u00e3os me disseram que melhoraram sua vida comunit\u00e1ria, que t\u00eam mais tempo para os irm\u00e3os e para a ora\u00e7\u00e3o e que tentaram maneiras inovadoras de cumprir a miss\u00e3o. A pandemia for\u00e7ou o mundo inteiro a entrar em uma esp\u00e9cie de retiro global para fazer introspec\u00e7\u00e3o e refletir sobre a vida humana que \u00e9 frequentemente vivida como uma montanha-russa, sem a possibilidade de levantar e refletir sobre os valores mais importantes da exist\u00eancia. A interconex\u00e3o de toda a cria\u00e7\u00e3o e a responsabilidade dos seres humanos de cuidar uns dos outros e de toda a cria\u00e7\u00e3o tornaram-se mais evidentes nestes dias. O restante da cria\u00e7\u00e3o (o meio-ambiente, os animais, os p\u00e1ssaros, os peixes, etc.) parece ter relaxado e rejuvenescido quando os seres humanos estavam em quarentena. Se n\u00e3o caminharmos juntos e nos preocuparmos com o bem-estar de todos, incluindo o da natureza, suportaremos juntos suas tr\u00e1gicas consequ\u00eancias. O v\u00edrus pand\u00eamico que infectou seres humanos em todo o mundo em pouco tempo \u00e9 uma demonstra\u00e7\u00e3o vis\u00edvel de que v\u00edrus espirituais e psicol\u00f3gicos est\u00e3o infectando a mente e o esp\u00edrito humanos, causando sofrimento indiz\u00edvel \u00e0 humanidade. Dever\u00edamos aprender a manter-nos conscientemente afastados de tais v\u00edrus e a desinfetar, com a verdade do Evangelho, nossas mentes e cora\u00e7\u00f5es de interesses ego\u00edstas.<\/span><\/p>\n<p><span style=\"font-family: 'times new roman', times, serif;\">Vis\u00e3o global e a\u00e7\u00e3o coletiva. A fragmenta\u00e7\u00e3o da humanidade e a competi\u00e7\u00e3o entre na\u00e7\u00f5es por hegemonia econ\u00f4mica foram fatais para a humanidade durante a propaga\u00e7\u00e3o global da pandemia; somente a a\u00e7\u00e3o coletiva deu bons resultados. O futuro da humanidade depende da coopera\u00e7\u00e3o, colabora\u00e7\u00e3o e esfor\u00e7o de todos para crescer juntos como uma \u00fanica fam\u00edlia humana. Nosso chamado na Igreja e no mundo \u00e9 viver intencionalmente e testemunhar a unidade na diversidade por meio de nossa vida fraterna e envio mission\u00e1rio em comunidade. Estou convencido de que nosso futuro mission\u00e1rio depende de como promovemos uma ecologia claretiana integral que harmonize as realidades universal e local e que se enriquecem mutuamente ao compartilhar recursos e pessoal na Congrega\u00e7\u00e3o.<\/span><\/p>\n<p><span style=\"font-family: 'times new roman', times, serif;\">Enfrentar os desafios juntos. Esperamos um per\u00edodo complexo no per\u00edodo p\u00f3s-COVID para atender \u00e0s nossas necessidades em diferentes partes da Congrega\u00e7\u00e3o. N\u00e3o ficaremos desanimados enquanto nos lembramos da palavra de Deus: &#8220;n\u00e3o temas, eu estou contigo&#8221; (Is 41, 10). Temos que fazer muitos sacrif\u00edcios como nossos irm\u00e3os e irm\u00e3s de profiss\u00f5es seculares s\u00e3o obrigados a fazer para enfrentar a crise. Devemos conscientemente optar pela simplicidade, austeridade saud\u00e1vel e trabalho duro para enfrentar os momentos dif\u00edceis que temos pela frente. Teremos que avaliar a situa\u00e7\u00e3o em cada um dos Organismos Maiores e acomodar nossos or\u00e7amentos priorizando o mais importante e necess\u00e1rio. Se formos passar fome, vamos abra\u00e7\u00e1-la juntos. Da mesma forma, seremos sens\u00edveis para com aqueles que nos rodeiam com a atitude de Cristo que nos ensinou o segredo da abund\u00e2ncia: \u00e9 na doa\u00e7\u00e3o que recebemos (cf. Lc 6, 38). Deixaremos que o Senhor fa\u00e7a com nossas vidas o que Ele faz com o p\u00e3o da Eucaristia: aben\u00e7oar, partir e compartilhar para dar vida aos outros.<\/span><\/p>\n<p><span style=\"font-family: 'times new roman', times, serif;\">Caminhando no Esp\u00edrito. Temos lido os relatos da Igreja primitiva neste tempo pascal. A fr\u00e1gil e perseguida igreja primitiva n\u00e3o fazia ideia para onde estava indo. Confiavam na orienta\u00e7\u00e3o do Esp\u00edrito Santo, que Jesus havia prometido que estaria com eles e os ajudaria para sempre (cf. Jo 14,16). A primazia do Esp\u00edrito de Cristo em suas vidas fez a diferen\u00e7a para os ap\u00f3stolos t\u00edmidos e inseguros que foram por todo o mundo proclamar as Boa Nova. Nosso Fundador e nossos irm\u00e3os m\u00e1rtires nos deixaram um testemunho heroico da verdade do Evangelho. Quando estamos prestes a entrar na fase de prepara\u00e7\u00e3o do XXVI Cap\u00edtulo Geral em pouco tempo, vamos nos render ao Esp\u00edrito de Cristo e dar as boas-vindas ao futuro com uma mente aberta, um cora\u00e7\u00e3o amoroso e m\u00e3os corajosas, sem buscar garantias mundanas. Confio todos voc\u00eas ao Imaculado Cora\u00e7\u00e3o de nossa M\u00e3e Sant\u00edssima para nos guiar por este hist\u00f3rico da COVID-19.<\/span><\/p>\n<p><span style=\"font-family: 'times new roman', times, serif;\">Fraternalmente,<\/span><\/p>\n<p>&nbsp;<\/p>\n<p><span style=\"font-family: 'times new roman', times, serif;\">Mathew Vattamattam, CMF<\/span><\/p>\n<p><span style=\"font-family: 'times new roman', times, serif;\">Superior Geral<\/span><\/p>\n<p>&nbsp;<\/p>\n<p><span style=\"font-family: 'times new roman', times, serif;\">Roma, 18 de maio de 2020<\/span><\/p>\n","protected":false},"excerpt":{"rendered":"<p>Queridos irm\u00e3os: Sauda\u00e7\u00f5es neste tempo de P\u00e1scoa! Depois de quase tr\u00eas meses nos acostumando a combater o v\u00edrus da pandemia, \u00e0 quarentena preventiva e a cumprir nossa miss\u00e3o dentro de suas limita\u00e7\u00f5es, estamos aprendendo lentamente a manter a calma com os tempos do COVID. Em Roma, estamos voltando a uma vida &#8220;normal&#8221; com algumas restri\u00e7\u00f5es [&hellip;]<\/p>\n","protected":false},"author":2,"featured_media":78818,"comment_status":"closed","ping_status":"closed","sticky":false,"template":"","format":"standard","meta":{"_et_pb_use_builder":"","_et_pb_old_content":"","_et_gb_content_width":"","footnotes":""},"categories":[1201,606],"tags":[],"class_list":["post-78825","post","type-post","status-publish","format-standard","has-post-thumbnail","hentry","category-mathew-vattamattam-pt-pt","category-painel-dos-avisos"],"jetpack_featured_media_url":"https:\/\/i0.wp.com\/www.claret.org\/wp-content\/uploads\/2020\/05\/IMG_20200501_125250.jpg?fit=2560%2C1440&ssl=1","jetpack_sharing_enabled":true,"jetpack_shortlink":"https:\/\/wp.me\/pdaBmi-kvn","jetpack_likes_enabled":true,"_links":{"self":[{"href":"https:\/\/www.claret.org\/pt-pt\/wp-json\/wp\/v2\/posts\/78825","targetHints":{"allow":["GET"]}}],"collection":[{"href":"https:\/\/www.claret.org\/pt-pt\/wp-json\/wp\/v2\/posts"}],"about":[{"href":"https:\/\/www.claret.org\/pt-pt\/wp-json\/wp\/v2\/types\/post"}],"author":[{"embeddable":true,"href":"https:\/\/www.claret.org\/pt-pt\/wp-json\/wp\/v2\/users\/2"}],"replies":[{"embeddable":true,"href":"https:\/\/www.claret.org\/pt-pt\/wp-json\/wp\/v2\/comments?post=78825"}],"version-history":[{"count":0,"href":"https:\/\/www.claret.org\/pt-pt\/wp-json\/wp\/v2\/posts\/78825\/revisions"}],"wp:featuredmedia":[{"embeddable":true,"href":"https:\/\/www.claret.org\/pt-pt\/wp-json\/wp\/v2\/media\/78818"}],"wp:attachment":[{"href":"https:\/\/www.claret.org\/pt-pt\/wp-json\/wp\/v2\/media?parent=78825"}],"wp:term":[{"taxonomy":"category","embeddable":true,"href":"https:\/\/www.claret.org\/pt-pt\/wp-json\/wp\/v2\/categories?post=78825"},{"taxonomy":"post_tag","embeddable":true,"href":"https:\/\/www.claret.org\/pt-pt\/wp-json\/wp\/v2\/tags?post=78825"}],"curies":[{"name":"wp","href":"https:\/\/api.w.org\/{rel}","templated":true}]}}