{"id":79244,"date":"2020-05-28T19:02:21","date_gmt":"2020-05-28T17:02:21","guid":{"rendered":"https:\/\/www.claret.org\/sem-categoria\/rumo-ao-xxvi-capitulo-geral\/"},"modified":"2020-05-28T19:02:21","modified_gmt":"2020-05-28T17:02:21","slug":"rumo-ao-xxvi-capitulo-geral","status":"publish","type":"post","link":"https:\/\/www.claret.org\/pt-pt\/rumo-ao-xxvi-capitulo-geral\/","title":{"rendered":"Rumo ao XXVI Cap\u00edtulo Geral"},"content":{"rendered":"<p><span style=\"font-family: helvetica, arial, sans-serif; font-size: 14pt;\"><strong>Roma, It\u00e1lia<\/strong>. O Governo Geral se reuniu on-line com todos os Superiores Maiores da Congrega\u00e7\u00e3o atrav\u00e9s do Zoom \u00e0s 12:00 GMT de hoje, 28 de maio de 2020, em vista do XXVI Cap\u00edtulo Geral. Todos os Superiores Maiores estavam presentes, exceto a delega\u00e7\u00e3o &#8220;Padre Xifr\u00e9&#8221;. O Pe. Yves Loussou, CMF, seu delegado Vig\u00e1rio, participou em seu nome. Pe. Henry Omonisaye, CMF, moderou a reuni\u00e3o.<\/span><\/p>\n<p><span style=\"font-family: helvetica, arial, sans-serif; font-size: 14pt;\">Depois de que o Pe. Artur Teixeira, CMF desse instru\u00e7\u00f5es e orienta\u00e7\u00f5es para a reuni\u00e3o, o Padre Geral dirigiu a ora\u00e7\u00e3o inicial. Em seguida, os Presidentes das diferentes Confer\u00eancias apresentaram a situa\u00e7\u00e3o atual dos Organismos Maiores em suas respectivas Confer\u00eancias em meio \u00e0 atual pandemia. Em suas interven\u00e7\u00f5es, responderam a duas perguntas: Como a pandemia est\u00e1 afetando os Organismos Maiores da Confer\u00eancia? E como os Organismos Maiores est\u00e3o vivendo a situa\u00e7\u00e3o criada pela pandemia?<\/span><\/p>\n<p><span style=\"font-family: helvetica, arial, sans-serif; font-size: 14pt;\">Ap\u00f3s um intervalo de quinze minutos, o Pe. Manuel Tamargo, CMF, Ec\u00f4nomo Geral, apresentou no f\u00f3rum o impacto da pandemia na economia da Congrega\u00e7\u00e3o. E solicitou uma distribui\u00e7\u00e3o respons\u00e1vel dos bens em nossa Congrega\u00e7\u00e3o, na gest\u00e3o de investimentos e despesas, etc.<\/span><\/p>\n<p><span style=\"font-family: helvetica, arial, sans-serif; font-size: 14pt;\">O Padre Geral ofereceu sua mensagem aos Superiores Maiores. Nela, destacou o papel dos Superiores Maiores, dos membros das Comunidades Locais que participar\u00e3o do processo sinodal do Cap\u00edtulo, o m\u00e9todo de baixo para cima. O Pe. Mathew enfatizou a necessidade de criar conversas, di\u00e1logos e realizar escutas que gerem vida e criatividade. Tamb\u00e9m fez um chamado a saudar o processo de prepara\u00e7\u00e3o como um momento de gra\u00e7a, dizendo que o itiner\u00e1rio do pr\u00f3prio Cap\u00edtulo \u00e9 t\u00e3o decisivo quanto o objetivo final. O endere\u00e7o completo est\u00e1 dispon\u00edvel aqui: https:\/\/www.claret.org\/en\/our-congregation\/general-superiors\/mathew-vattamattam\/<\/span><\/p>\n<p><span style=\"font-family: helvetica, arial, sans-serif; font-size: 14pt;\">A reuni\u00e3o terminou com uma ora\u00e7\u00e3o de quinze minutos, dirigida pelo Pe. Gonzalo Fern\u00e1ndez, CMF. E antes da b\u00ean\u00e7\u00e3o final, o Pe. Rosendo Urrabazo (EUA-Canad\u00e1) e Simeon Nwobi (Nig\u00e9ria Leste), CMFF, expressaram suas palavras de agradecimento pelo apoio e pelas ora\u00e7\u00f5es pelas mortes, respectivamente, de uma irm\u00e3 e de um mission\u00e1rio claretiano (Pe. Christian Mary Ihedoro) A cr\u00f4nica desta reuni\u00e3o foi enviada aos secret\u00e1rios provinciais dos Organismos Maiores.<\/span><\/p>\n<p><span style=\"font-family: helvetica, arial, sans-serif; font-size: 14pt;\">Mais duas reuni\u00f5es separadas ser\u00e3o realizadas: amanh\u00e3 (os Superiores Maiores de l\u00edngua espanhola) e depois de amanh\u00e3 (os Superiores Maiores de l\u00edngua inglesa). O Padre Geral se dirigir\u00e1 a toda a Congrega\u00e7\u00e3o no dia 31 de maio de 2020.<\/span><\/p>\n","protected":false},"excerpt":{"rendered":"<p>Roma, It\u00e1lia. O Governo Geral se reuniu on-line com todos os Superiores Maiores da Congrega\u00e7\u00e3o atrav\u00e9s do Zoom \u00e0s 12:00 GMT de hoje, 28 de maio de 2020, em vista do XXVI Cap\u00edtulo Geral. Todos os Superiores Maiores estavam presentes, exceto a delega\u00e7\u00e3o &#8220;Padre Xifr\u00e9&#8221;. O Pe. Yves Loussou, CMF, seu delegado Vig\u00e1rio, participou em [&hellip;]<\/p>\n","protected":false},"author":2,"featured_media":79208,"comment_status":"closed","ping_status":"closed","sticky":false,"template":"","format":"standard","meta":{"_et_pb_use_builder":"","_et_pb_old_content":"","_et_gb_content_width":"","footnotes":""},"categories":[518,2520],"tags":[],"class_list":["post-79244","post","type-post","status-publish","format-standard","has-post-thumbnail","hentry","category-governo-geral","category-xxvi-capitulo-geral"],"jetpack_featured_media_url":"https:\/\/i0.wp.com\/www.claret.org\/wp-content\/uploads\/2020\/05\/GG-20200528-Meeting-with-the-Major-Superiors.png?fit=1920%2C1080&ssl=1","jetpack_sharing_enabled":true,"jetpack_shortlink":"https:\/\/wp.me\/pdaBmi-kC8","jetpack_likes_enabled":true,"_links":{"self":[{"href":"https:\/\/www.claret.org\/pt-pt\/wp-json\/wp\/v2\/posts\/79244","targetHints":{"allow":["GET"]}}],"collection":[{"href":"https:\/\/www.claret.org\/pt-pt\/wp-json\/wp\/v2\/posts"}],"about":[{"href":"https:\/\/www.claret.org\/pt-pt\/wp-json\/wp\/v2\/types\/post"}],"author":[{"embeddable":true,"href":"https:\/\/www.claret.org\/pt-pt\/wp-json\/wp\/v2\/users\/2"}],"replies":[{"embeddable":true,"href":"https:\/\/www.claret.org\/pt-pt\/wp-json\/wp\/v2\/comments?post=79244"}],"version-history":[{"count":0,"href":"https:\/\/www.claret.org\/pt-pt\/wp-json\/wp\/v2\/posts\/79244\/revisions"}],"wp:featuredmedia":[{"embeddable":true,"href":"https:\/\/www.claret.org\/pt-pt\/wp-json\/wp\/v2\/media\/79208"}],"wp:attachment":[{"href":"https:\/\/www.claret.org\/pt-pt\/wp-json\/wp\/v2\/media?parent=79244"}],"wp:term":[{"taxonomy":"category","embeddable":true,"href":"https:\/\/www.claret.org\/pt-pt\/wp-json\/wp\/v2\/categories?post=79244"},{"taxonomy":"post_tag","embeddable":true,"href":"https:\/\/www.claret.org\/pt-pt\/wp-json\/wp\/v2\/tags?post=79244"}],"curies":[{"name":"wp","href":"https:\/\/api.w.org\/{rel}","templated":true}]}}