{"id":80309,"date":"2020-06-05T09:37:09","date_gmt":"2020-06-05T07:37:09","guid":{"rendered":"https:\/\/www.claret.org\/sem-categoria\/profissao-perpetua-em-claret-nivas-barrackpore\/"},"modified":"2020-06-05T09:37:09","modified_gmt":"2020-06-05T07:37:09","slug":"profissao-perpetua-em-claret-nivas-barrackpore","status":"publish","type":"post","link":"https:\/\/www.claret.org\/pt-pt\/profissao-perpetua-em-claret-nivas-barrackpore\/","title":{"rendered":"Profiss\u00e3o Perp\u00e9tua em Claret Nivas, Barrackpore"},"content":{"rendered":"<p><span style=\"font-family: 'book antiqua', palatino, serif; font-size: 14pt;\"><strong>Barrackpore, \u00cdndia<\/strong>. No dia 31 de maio de 2020, a Comunidade Claret Nivas e a Comunidade da C\u00faria da Delega\u00e7\u00e3o de Calcut\u00e1, Barrackpore, celebraram a Solenidade do Pentecostes, a Visita\u00e7\u00e3o de Nossa Senhora a Santa Isabel e a Profiss\u00e3o Perp\u00e9tua de nossos irm\u00e3os. A celebra\u00e7\u00e3o da Sagrada Eucaristia come\u00e7ou \u00e0s 11h00 com uma prociss\u00e3o solene. O Pe. V. Lawrence CMF, Superior Maior da Delega\u00e7\u00e3o Independente de Calcut\u00e1, presidiu a celebra\u00e7\u00e3o. O Pe. George Kollamparampil, CMF, Superior de Claret Nivas, destacou em sua homilia a import\u00e2ncia dos votos religiosos e a disponibilidade para a miss\u00e3o universal.<\/span><\/p>\n<p><span style=\"font-family: 'book antiqua', palatino, serif; font-size: 14pt;\">Quatro dos Estudantes pertencentes \u00e0 Prov\u00edncia de Chennai, Ashish Pani, Jikhoriyo Nayak, Francis Kumar A. e Shyam C. e dois da Delega\u00e7\u00e3o de Calcut\u00e1, Abinash Toppo e Robert R., fizeram sua Profiss\u00e3o Perp\u00e9tua. No final da Santa Missa, o Superior Maior transmitiu seus melhores votos e a mensagem do Padre Geral aos candidatos. Seguiu-se uma confraterniza\u00e7\u00e3o e um almo\u00e7o fraterno.<\/span><\/p>\n<p>&nbsp;<\/p>\n<p>&nbsp;<\/p>\n<p><span style=\"font-family: 'book antiqua', palatino, serif; font-size: 14pt;\">[envira-gallery id=&#8221;80190&#8243;]<\/span><\/p>\n","protected":false},"excerpt":{"rendered":"<p>Barrackpore, \u00cdndia. No dia 31 de maio de 2020, a Comunidade Claret Nivas e a Comunidade da C\u00faria da Delega\u00e7\u00e3o de Calcut\u00e1, Barrackpore, celebraram a Solenidade do Pentecostes, a Visita\u00e7\u00e3o de Nossa Senhora a Santa Isabel e a Profiss\u00e3o Perp\u00e9tua de nossos irm\u00e3os. A celebra\u00e7\u00e3o da Sagrada Eucaristia come\u00e7ou \u00e0s 11h00 com uma prociss\u00e3o solene. [&hellip;]<\/p>\n","protected":false},"author":2,"featured_media":80207,"comment_status":"closed","ping_status":"closed","sticky":false,"template":"","format":"standard","meta":{"_et_pb_use_builder":"","_et_pb_old_content":"","_et_gb_content_width":"","footnotes":""},"categories":[235,230],"tags":[],"class_list":["post-80309","post","type-post","status-publish","format-standard","has-post-thumbnail","hentry","category-kolkata-pt-pt","category-chennai-pt-pt"],"jetpack_featured_media_url":"https:\/\/i0.wp.com\/www.claret.org\/wp-content\/uploads\/2020\/06\/KK-20200531-Perpetual-Professions-3-scaled.jpg?fit=2560%2C1182&ssl=1","jetpack_sharing_enabled":true,"jetpack_shortlink":"https:\/\/wp.me\/pdaBmi-kTj","jetpack_likes_enabled":true,"_links":{"self":[{"href":"https:\/\/www.claret.org\/pt-pt\/wp-json\/wp\/v2\/posts\/80309","targetHints":{"allow":["GET"]}}],"collection":[{"href":"https:\/\/www.claret.org\/pt-pt\/wp-json\/wp\/v2\/posts"}],"about":[{"href":"https:\/\/www.claret.org\/pt-pt\/wp-json\/wp\/v2\/types\/post"}],"author":[{"embeddable":true,"href":"https:\/\/www.claret.org\/pt-pt\/wp-json\/wp\/v2\/users\/2"}],"replies":[{"embeddable":true,"href":"https:\/\/www.claret.org\/pt-pt\/wp-json\/wp\/v2\/comments?post=80309"}],"version-history":[{"count":0,"href":"https:\/\/www.claret.org\/pt-pt\/wp-json\/wp\/v2\/posts\/80309\/revisions"}],"wp:featuredmedia":[{"embeddable":true,"href":"https:\/\/www.claret.org\/pt-pt\/wp-json\/wp\/v2\/media\/80207"}],"wp:attachment":[{"href":"https:\/\/www.claret.org\/pt-pt\/wp-json\/wp\/v2\/media?parent=80309"}],"wp:term":[{"taxonomy":"category","embeddable":true,"href":"https:\/\/www.claret.org\/pt-pt\/wp-json\/wp\/v2\/categories?post=80309"},{"taxonomy":"post_tag","embeddable":true,"href":"https:\/\/www.claret.org\/pt-pt\/wp-json\/wp\/v2\/tags?post=80309"}],"curies":[{"name":"wp","href":"https:\/\/api.w.org\/{rel}","templated":true}]}}