{"id":82791,"date":"2020-06-26T10:10:35","date_gmt":"2020-06-26T08:10:35","guid":{"rendered":"https:\/\/www.claret.org\/a-pandemia-nao-ira-interromper-o-projeto\/"},"modified":"2020-06-26T10:10:35","modified_gmt":"2020-06-26T08:10:35","slug":"a-pandemia-nao-ira-interromper-o-projeto","status":"publish","type":"post","link":"https:\/\/www.claret.org\/pt-pt\/a-pandemia-nao-ira-interromper-o-projeto\/","title":{"rendered":"A pandemia n\u00e3o ir\u00e1 interromper o projeto"},"content":{"rendered":"<p><strong>Bogot\u00e1, Col\u00f4mbia.<\/strong> A Junta Diretiva e o Conselho de Administra\u00e7\u00e3o do Instituto Teol\u00f3gico de Vida Consagrada da Am\u00e9rica (ITVCA) realizaram uma reuni\u00e3o virtual em 12 de junho de 2020 para ver at\u00e9 que ponto chegou e foi feito em rela\u00e7\u00e3o ao andamento do ITVCA. Esta reuni\u00e3o \u00e9 continua\u00e7\u00e3o da sess\u00e3o anterior de 24 de janeiro de 2020 durante o Congresso Espiritual Claretiano no Chile, no qual foram aprovadas a adapta\u00e7\u00e3o das instala\u00e7\u00f5es do ITVCA na C\u00faria Provincial de Bogot\u00e1, o Relat\u00f3rio Anual de Gest\u00e3o de 2019, o Programa 2020 &#8211; 2021, o Relat\u00f3rio Econ\u00f4mico de 2019 e o Or\u00e7amento para 2020.<\/p>\n<p>Durante esta segunda reuni\u00e3o, realizada on-line devido \u00e0 atual pandemia, estiveram presentes as seguintes pessoas: Padres Henry Omonisaye, CMF (Consultor Geral e respons\u00e1vel pela anima\u00e7\u00e3o dos Institutos de Vida Consagrada na Congrega\u00e7\u00e3o); Ismael Montero Togo, CMF (Superior Provincial da Am\u00e9rica Central \/ Presidente do MICLA \/ Presidente do Conselho da ITVCA); os membros do Conselho, Luis Armando Valencia, CMF (Superior Provincial da Col\u00f4mbia &#8211; Venezuela), Josu\u00e9 Gonz\u00e1lez Jaramillo, CMF (Superior Provincial da Col\u00f4mbia Oriental &#8211; Equador), Marcos Aurelio Loro, CMF (Superior Provincial do Brasil), Mario Guti\u00e9rrez Medina, CMF (Superior Provincial de San Jos\u00e9 del Sur); os membros da equipe de coordena\u00e7\u00e3o, Antonio Santill\u00e1n, Carlos Julio Rozo, Alfredo Plaza Mora, CMFF.<\/p>\n<p>O Pe. Ismael convidou todos a se unirem ao Esp\u00edrito Santo, para iluminar o discernimento do encontro, colocando-o nas m\u00e3os do Imaculado Cora\u00e7\u00e3o de Maria e de Santo Ant\u00f4nio Maria Claret.<\/p>\n<p>Al\u00e9m disso, o Padre Geral, Mathew Vattamattam, CMF, tamb\u00e9m se juntou e os cumprimentou.<\/p>\n<p>&#8220;Estamos em um momento de mudan\u00e7a, e um futuro que precisamos criar nos espera. A nova realidade da pandemia e da p\u00f3s-pandemia coloca s\u00e9rios desafios \u00e0 Igreja e, \u00e9 claro, \u00e0 Vida Consagrada. \u00c9 um momento conveniente para conversas saud\u00e1veis, reflex\u00e3o profunda e esp\u00edrito criativo&#8221;.<\/p>\n<p>O Superior Geral desejou a eles uma reuni\u00e3o bem proveitosa para o desenvolvimento do projeto ITVCA.<\/p>\n<p>Seguiu-se a apresenta\u00e7\u00e3o das atividades do primeiro semestre do corrente ano. Em seguida, discerniu-se a proposta acad\u00eamica em torno de um poss\u00edvel Mestrado em Teologia da Vida Consagrada e da B\u00edblia com a Uniclaretiana, e um projeto de cursos virtuais no contexto americano. Outras apresenta\u00e7\u00f5es se seguiram: o Plano de Comunica\u00e7\u00e3o, a organiza\u00e7\u00e3o do escrit\u00f3rio m\u00faltiplo do Instituto e o Or\u00e7amento 2020 com o apoio dos principais organismos do MICLA.<\/p>\n<p>A terceira reuni\u00e3o ocorrer\u00e1 em novembro deste ano de 2020.<\/p>\n<p>&#8220;Estamos felizes em apoiar esta iniciativa e continuamos o desafio: intercultural, intercongregacional, interinstitucional e mission\u00e1rio&#8221;, afirmou a equipe da ITVCA.<\/p>\n","protected":false},"excerpt":{"rendered":"<p>Bogot\u00e1, Col\u00f4mbia. A Junta Diretiva e o Conselho de Administra\u00e7\u00e3o do Instituto Teol\u00f3gico de Vida Consagrada da Am\u00e9rica (ITVCA) realizaram uma reuni\u00e3o virtual em 12 de junho de 2020 para ver at\u00e9 que ponto chegou e foi feito em rela\u00e7\u00e3o ao andamento do ITVCA. Esta reuni\u00e3o \u00e9 continua\u00e7\u00e3o da sess\u00e3o anterior de 24 de janeiro [&hellip;]<\/p>\n","protected":false},"author":2,"featured_media":82788,"comment_status":"closed","ping_status":"closed","sticky":false,"template":"","format":"standard","meta":{"_et_pb_use_builder":"","_et_pb_old_content":"","_et_gb_content_width":"","footnotes":""},"categories":[418,354],"tags":[],"class_list":["post-82791","post","type-post","status-publish","format-standard","has-post-thumbnail","hentry","category-vida-consagrada-pt-pt","category-micla-pt-pt"],"jetpack_featured_media_url":"https:\/\/i0.wp.com\/www.claret.org\/wp-content\/uploads\/2020\/06\/ITVCA-20200612-encuentro-virtual.jpg?fit=1928%2C1080&ssl=1","jetpack_sharing_enabled":true,"jetpack_shortlink":"https:\/\/wp.me\/pdaBmi-lxl","jetpack_likes_enabled":true,"_links":{"self":[{"href":"https:\/\/www.claret.org\/pt-pt\/wp-json\/wp\/v2\/posts\/82791","targetHints":{"allow":["GET"]}}],"collection":[{"href":"https:\/\/www.claret.org\/pt-pt\/wp-json\/wp\/v2\/posts"}],"about":[{"href":"https:\/\/www.claret.org\/pt-pt\/wp-json\/wp\/v2\/types\/post"}],"author":[{"embeddable":true,"href":"https:\/\/www.claret.org\/pt-pt\/wp-json\/wp\/v2\/users\/2"}],"replies":[{"embeddable":true,"href":"https:\/\/www.claret.org\/pt-pt\/wp-json\/wp\/v2\/comments?post=82791"}],"version-history":[{"count":0,"href":"https:\/\/www.claret.org\/pt-pt\/wp-json\/wp\/v2\/posts\/82791\/revisions"}],"wp:featuredmedia":[{"embeddable":true,"href":"https:\/\/www.claret.org\/pt-pt\/wp-json\/wp\/v2\/media\/82788"}],"wp:attachment":[{"href":"https:\/\/www.claret.org\/pt-pt\/wp-json\/wp\/v2\/media?parent=82791"}],"wp:term":[{"taxonomy":"category","embeddable":true,"href":"https:\/\/www.claret.org\/pt-pt\/wp-json\/wp\/v2\/categories?post=82791"},{"taxonomy":"post_tag","embeddable":true,"href":"https:\/\/www.claret.org\/pt-pt\/wp-json\/wp\/v2\/tags?post=82791"}],"curies":[{"name":"wp","href":"https:\/\/api.w.org\/{rel}","templated":true}]}}