{"id":83135,"date":"2020-07-06T12:12:49","date_gmt":"2020-07-06T10:12:49","guid":{"rendered":"https:\/\/www.claret.org\/integracao-na-missao-claretiana-na-italia-e-na-igreja-italiana\/"},"modified":"2020-07-06T12:12:49","modified_gmt":"2020-07-06T10:12:49","slug":"integracao-na-missao-claretiana-na-italia-e-na-igreja-italiana","status":"publish","type":"post","link":"https:\/\/www.claret.org\/pt-pt\/integracao-na-missao-claretiana-na-italia-e-na-igreja-italiana\/","title":{"rendered":"Integra\u00e7\u00e3o na miss\u00e3o claretiana na It\u00e1lia e na Igreja italiana"},"content":{"rendered":"<p><span style=\"font-family: 'times new roman', times, serif; font-size: 14pt;\"><strong>Roma, It\u00e1lia<\/strong>. Em seu desejo de formar, equipar e fazer com que os mission\u00e1rios claretianos, destinados \u00e0 Regi\u00e3o Italiana da Prov\u00edncia de Sanctus Paulus, se integrem totalmente \u00e0 atividade apost\u00f3lica da regi\u00e3o mencionada, foi criado um curso de ver\u00e3o espec\u00edfico para este fim.<\/span><\/p>\n<p><span style=\"font-family: 'times new roman', times, serif; font-size: 14pt;\">O Padre Geral, Mathew Vattamattam, CMF, abriu na tarde de 1\u00ba de julho de 2020, em Banchi Vecchi, Roma, o curso de dois meses com uma Eucaristia e um di\u00e1logo com os mission\u00e1rios claretianos destinados \u00e0 It\u00e1lia.<\/span><\/p>\n<p><span style=\"font-family: 'times new roman', times, serif; font-size: 14pt;\">O curso vai de 1\u00ba de julho at\u00e9 o final de agosto. A primeira semana \u00e9 dedicada a conhecer os antecedentes dos mission\u00e1rios claretianos destinados, bem como entender a cultura, a hist\u00f3ria, a geografia e as realidades sociais e eclesiais da It\u00e1lia. A segunda semana tratar\u00e1 da Espiritualidade Claretiana, que ser\u00e1 ministrada pelo Prefeito Geral de Espiritualidade, Pe. Gonzalo Fern\u00e1ndez, CMF. Na terceira semana, ser\u00e1 discutida a realidade atual da Congrega\u00e7\u00e3o. E nas semanas seguintes ser\u00e3o refletidas quest\u00f5es diferentes, como quest\u00f5es morais, diretrizes, liturgia, a Igreja na It\u00e1lia, as Constitui\u00e7\u00f5es e a miss\u00e3o.<\/span><\/p>\n<p><span style=\"font-family: 'times new roman', times, serif; font-size: 14pt;\">Visitas a diferentes locais tur\u00edsticos e eclesi\u00e1sticos, al\u00e9m de filmes, din\u00e2micas de grupo e intera\u00e7\u00f5es, ocupar\u00e3o os finais de semana.<\/span><\/p>\n<p><span style=\"font-family: 'times new roman', times, serif; font-size: 14pt;\">Desejamos tudo de bom aos nossos irm\u00e3os destinados \u00e0 It\u00e1lia!<\/span><\/p>\n","protected":false},"excerpt":{"rendered":"<p>Roma, It\u00e1lia. Em seu desejo de formar, equipar e fazer com que os mission\u00e1rios claretianos, destinados \u00e0 Regi\u00e3o Italiana da Prov\u00edncia de Sanctus Paulus, se integrem totalmente \u00e0 atividade apost\u00f3lica da regi\u00e3o mencionada, foi criado um curso de ver\u00e3o espec\u00edfico para este fim. O Padre Geral, Mathew Vattamattam, CMF, abriu na tarde de 1\u00ba de [&hellip;]<\/p>\n","protected":false},"author":2,"featured_media":83127,"comment_status":"closed","ping_status":"closed","sticky":false,"template":"","format":"standard","meta":{"_et_pb_use_builder":"","_et_pb_old_content":"","_et_gb_content_width":"","footnotes":""},"categories":[282],"tags":[],"class_list":["post-83135","post","type-post","status-publish","format-standard","has-post-thumbnail","hentry","category-sanctus-paulus-pt-pt"],"jetpack_featured_media_url":"https:\/\/i0.wp.com\/www.claret.org\/wp-content\/uploads\/2020\/07\/SP-20200705-Summer-Course-2020-1.jpeg?fit=1600%2C1200&ssl=1","jetpack_sharing_enabled":true,"jetpack_shortlink":"https:\/\/wp.me\/pdaBmi-lCT","jetpack_likes_enabled":true,"_links":{"self":[{"href":"https:\/\/www.claret.org\/pt-pt\/wp-json\/wp\/v2\/posts\/83135","targetHints":{"allow":["GET"]}}],"collection":[{"href":"https:\/\/www.claret.org\/pt-pt\/wp-json\/wp\/v2\/posts"}],"about":[{"href":"https:\/\/www.claret.org\/pt-pt\/wp-json\/wp\/v2\/types\/post"}],"author":[{"embeddable":true,"href":"https:\/\/www.claret.org\/pt-pt\/wp-json\/wp\/v2\/users\/2"}],"replies":[{"embeddable":true,"href":"https:\/\/www.claret.org\/pt-pt\/wp-json\/wp\/v2\/comments?post=83135"}],"version-history":[{"count":0,"href":"https:\/\/www.claret.org\/pt-pt\/wp-json\/wp\/v2\/posts\/83135\/revisions"}],"wp:featuredmedia":[{"embeddable":true,"href":"https:\/\/www.claret.org\/pt-pt\/wp-json\/wp\/v2\/media\/83127"}],"wp:attachment":[{"href":"https:\/\/www.claret.org\/pt-pt\/wp-json\/wp\/v2\/media?parent=83135"}],"wp:term":[{"taxonomy":"category","embeddable":true,"href":"https:\/\/www.claret.org\/pt-pt\/wp-json\/wp\/v2\/categories?post=83135"},{"taxonomy":"post_tag","embeddable":true,"href":"https:\/\/www.claret.org\/pt-pt\/wp-json\/wp\/v2\/tags?post=83135"}],"curies":[{"name":"wp","href":"https:\/\/api.w.org\/{rel}","templated":true}]}}