{"id":83777,"date":"2020-07-11T07:57:08","date_gmt":"2020-07-11T05:57:08","guid":{"rendered":"https:\/\/www.claret.org\/primeira-profissao-religiosa-nas-filipinas\/"},"modified":"2020-07-11T07:57:08","modified_gmt":"2020-07-11T05:57:08","slug":"primeira-profissao-religiosa-nas-filipinas","status":"publish","type":"post","link":"https:\/\/www.claret.org\/pt-pt\/primeira-profissao-religiosa-nas-filipinas\/","title":{"rendered":"Primeira Profiss\u00e3o Religiosa nas Filipinas"},"content":{"rendered":"<p><strong>Ormoc City, Filipinas<\/strong>. Foi uma tarde muito feliz a do domingo, 5 de julho de 2020, quando seis Novi\u00e7os fizeram sua Primeira Profiss\u00e3o Tempor\u00e1ria em uma solene celebra\u00e7\u00e3o eucar\u00edstica realizada na sala de confer\u00eancias de Gallardo, Casa Noviciado Claret, Ormoc City. Os seis jovens mission\u00e1rios rec\u00e9m-professos &#8211; Randy Grano, John Paul Rante, Vrent Kiblasen, Nguyen Van Hau, Tran Vinh e Lu Heng (Delega\u00e7\u00e3o de East Asia) &#8211; proferiram seus votos evang\u00e9licos nas m\u00e3os do Pe. Amador Tumbaga, CMF, Vig\u00e1rio Provincial e Mestre Novi\u00e7o, que foi delegado para isso pelo Pe. Elias Ayuban, Jr., CMF, Superior Provincial.<\/p>\n<p>A celebra\u00e7\u00e3o da Missa e o Rito da Profiss\u00e3o foram transmitidos ao vivo pelo Facebook, o que permitiu \u00e0s diferentes comunidades claretianas e familiares dos professos poder testemunhar o evento, levando em considera\u00e7\u00e3o as restri\u00e7\u00f5es de viagem causadas pela atual pandemia viral.<\/p>\n","protected":false},"excerpt":{"rendered":"<p>Ormoc City, Filipinas. Foi uma tarde muito feliz a do domingo, 5 de julho de 2020, quando seis Novi\u00e7os fizeram sua Primeira Profiss\u00e3o Tempor\u00e1ria em uma solene celebra\u00e7\u00e3o eucar\u00edstica realizada na sala de confer\u00eancias de Gallardo, Casa Noviciado Claret, Ormoc City. Os seis jovens mission\u00e1rios rec\u00e9m-professos &#8211; Randy Grano, John Paul Rante, Vrent Kiblasen, Nguyen [&hellip;]<\/p>\n","protected":false},"author":2,"featured_media":83511,"comment_status":"closed","ping_status":"closed","sticky":false,"template":"","format":"standard","meta":{"_et_pb_use_builder":"","_et_pb_old_content":"","_et_gb_content_width":"","footnotes":""},"categories":[1155,214,579],"tags":[],"class_list":["post-83777","post","type-post","status-publish","format-standard","has-post-thumbnail","hentry","category-noviciado-pt-pt","category-fr-rhoel-gallardo-pt-pt","category-profissoes"],"jetpack_featured_media_url":"https:\/\/i0.wp.com\/www.claret.org\/wp-content\/uploads\/2020\/07\/PH-20200705-First-Profession-5.jpg?fit=1805%2C924&ssl=1","jetpack_sharing_enabled":true,"jetpack_shortlink":"https:\/\/wp.me\/pdaBmi-lNf","jetpack_likes_enabled":true,"_links":{"self":[{"href":"https:\/\/www.claret.org\/pt-pt\/wp-json\/wp\/v2\/posts\/83777","targetHints":{"allow":["GET"]}}],"collection":[{"href":"https:\/\/www.claret.org\/pt-pt\/wp-json\/wp\/v2\/posts"}],"about":[{"href":"https:\/\/www.claret.org\/pt-pt\/wp-json\/wp\/v2\/types\/post"}],"author":[{"embeddable":true,"href":"https:\/\/www.claret.org\/pt-pt\/wp-json\/wp\/v2\/users\/2"}],"replies":[{"embeddable":true,"href":"https:\/\/www.claret.org\/pt-pt\/wp-json\/wp\/v2\/comments?post=83777"}],"version-history":[{"count":0,"href":"https:\/\/www.claret.org\/pt-pt\/wp-json\/wp\/v2\/posts\/83777\/revisions"}],"wp:featuredmedia":[{"embeddable":true,"href":"https:\/\/www.claret.org\/pt-pt\/wp-json\/wp\/v2\/media\/83511"}],"wp:attachment":[{"href":"https:\/\/www.claret.org\/pt-pt\/wp-json\/wp\/v2\/media?parent=83777"}],"wp:term":[{"taxonomy":"category","embeddable":true,"href":"https:\/\/www.claret.org\/pt-pt\/wp-json\/wp\/v2\/categories?post=83777"},{"taxonomy":"post_tag","embeddable":true,"href":"https:\/\/www.claret.org\/pt-pt\/wp-json\/wp\/v2\/tags?post=83777"}],"curies":[{"name":"wp","href":"https:\/\/api.w.org\/{rel}","templated":true}]}}