{"id":84657,"date":"2020-07-20T15:24:51","date_gmt":"2020-07-20T13:24:51","guid":{"rendered":"https:\/\/www.claret.org\/bodas-de-ouro-dos-missionarios-claretianos-na-india\/"},"modified":"2020-07-20T15:24:51","modified_gmt":"2020-07-20T13:24:51","slug":"bodas-de-ouro-dos-missionarios-claretianos-na-india","status":"publish","type":"post","link":"https:\/\/www.claret.org\/pt-pt\/bodas-de-ouro-dos-missionarios-claretianos-na-india\/","title":{"rendered":"Bodas de Ouro dos Mission\u00e1rios Claretianos na \u00cdndia"},"content":{"rendered":"<p>INTRODU\u00c7\u00c3O<\/p>\n<p>Para a Congrega\u00e7\u00e3o dos Mission\u00e1rios Claretianos (CMF), fundada por Santo Ant\u00f4nio MarIa Claret, Arcebispo de Cuba, em 16 de julho de 1849, e que participa vigorosamente dos esfor\u00e7os de evangeliza\u00e7\u00e3o global da Igreja Cat\u00f3lica, \u00e9 um grande momento de j\u00fabilo celebrar o Jubileu de Ouro de sua presen\u00e7a e minist\u00e9rio no solo da \u00cdndia. \u00c9 uma ocasi\u00e3o oportuna para recordar, com gratid\u00e3o, os cinquenta anos transcorridos de b\u00ean\u00e7\u00e3os e para aventurar-se vigorosamente ainda mais no caminho da renova\u00e7\u00e3o.<\/p>\n<p>SANTO ANT\u00d4NIO MARIA CLARET<\/p>\n<p>Viveu como pregador itinerante, mestre espiritual, zeloso mission\u00e1rio, confessor incans\u00e1vel, not\u00e1vel arcebispo no minist\u00e9rio pastoral e santo profundamente dedicado a Maria. Foi o quinto filho de onze que tiveram os seus pais, Juan e Josefa, em Sallent, Espanha, no dia 23 de dezembro de 1807. Ap\u00f3s seus anos de escola, empreendeu uma carreira promissora na ind\u00fastria t\u00eaxtil de Barcelona em 1825. No entanto, acabou entrando no semin\u00e1rio de Vic em 1829. Foi ordenado sacerdote em 1835 e come\u00e7ou seu minist\u00e9rio na par\u00f3quia de Sallent. Dedicou-se a uma atividade mission\u00e1ria zelosa na Catalunha e nas Ilhas Can\u00e1rias de 1841 a 1848. Juntamente com outros cinco sacerdotes afins, Esteban Sala, Jos\u00e9 Xifr\u00e9, Domingo F\u00e1bregas, Manuel Vilar\u00f3 e Jaime Clotet, fundou a Congrega\u00e7\u00e3o dos Filhos de Imaculado Cora\u00e7\u00e3o da Bem-Aventurada Virgem Maria (CMF), tamb\u00e9m conhecidos como Mission\u00e1rios Claretianos, no dia 16 de julho de 1849 (hoje a festa de Nossa Senhora do Carmo). Al\u00e9m disso, junto com Madre Maria Antonia Paris, tamb\u00e9m fundou a Congrega\u00e7\u00e3o das Mission\u00e1rias Claretianas aos 25 de agosto de 1855. Foi nomeado confessor real da Rainha Isabel II em 1857 e participou diligentemente no Conc\u00edlio do Vaticano I em 1869. Foi chamado \u00e0 casa do Pai em Fontfroide, Fran\u00e7a, no dia 24 de outubro de 1870. Foi canonizado pelo papa Pio XII em 1950.<\/p>\n<p>A CONGREGA\u00c7\u00c3O MISSION\u00c1RIA CLARETIANA<\/p>\n<p>A Congrega\u00e7\u00e3o Mission\u00e1ria (os Mission\u00e1rios Claretianos), fundada por Santo Ant\u00f4nio Maria Claret &#8211; que mais tarde adotou como lema episcopal o vers\u00edculo paulino &#8220;O amor de Cristo me impele&#8221; (2 Cor 5,14) &#8211; est\u00e1 presente em 66 pa\u00edses atualmente.  Os mission\u00e1rios, utilizando todos os meios oportunos, urgentes e eficazes poss\u00edveis, esfor\u00e7am-se, como Servidores da Palavra, em dar gl\u00f3ria a Deus e, ao mesmo tempo, buscar a salva\u00e7\u00e3o das almas e a santifica\u00e7\u00e3o de si mesmos. A Congrega\u00e7\u00e3o Claretiana cresceu e se tornou uma grande fraternidade mission\u00e1ria na Igreja hoje, com dois cardeais, 28 bispos e 3028 membros tamb\u00e9m contando os Estudantes que est\u00e3o em seu per\u00edodo formativo. Considera-se um grande reconhecimento para os membros da Congrega\u00e7\u00e3o na \u00cdndia o fato de que o Reverend\u00edssimo Pe. Mathew Vattamattam CMF, eleito como Superior Geral, seja o primeiro sacerdote indiano da hist\u00f3ria que preside a Congrega\u00e7\u00e3o a partir de Roma.<\/p>\n<p>EM TERRAS INDIANAS<\/p>\n<p>Sua Excel\u00eancia Dom Mar Sebasti\u00e1n Vayalil, o primeiro Bispo da Diocese de Pala a visitar Frankfurt, Alemanha, conheceu o Revmo. Pe. Francis Dirnberger CMF, ent\u00e3o Superior Provincial dos Mission\u00e1rios Claretianos na Alemanha em 1960. Ap\u00f3s seu encontro hist\u00f3rico e di\u00e1logo, o bispo Sebastian fez os planos para o estabelecimento da Congrega\u00e7\u00e3o na \u00cdndia, acreditando firmemente que o servi\u00e7o e o minist\u00e9rio dos mission\u00e1rios claretianos fariam muito bem \u00e0 \u00cdndia e ao mundo inteiro. Assim, para plantar a Congrega\u00e7\u00e3o em solo indiano, ele enviou seminaristas de sua pr\u00f3pria diocese em dois grupos para sua forma\u00e7\u00e3o na Alemanha: Joseph Madhavath, Kuriakose Thekkilakkattil, Mathew Pazhayamkottil, Thomas Vadakkekkara e George Pallivathilkkal no primeiro grupo, e George Vanchipura, George Nedumpalakunnel e Mathew Njayarkulam no segundo. A ordena\u00e7\u00e3o dos primeiros mission\u00e1rios claretianos indianos em 1968 foi uma manifesta\u00e7\u00e3o evidente do cumprimento do desejo do bispo Sebasti\u00e1n. Joseph Madhavath e Mathew Pazhayamkottil receberam sua ordena\u00e7\u00e3o sacerdotal do pr\u00f3prio bispo Sebastian Vayalil, em Frankfurt. Portanto, esses eventos explicitaram o amor do bispo Sebasti\u00e1n Vayalil pelos mission\u00e1rios claretianos e a d\u00edvida da Congrega\u00e7\u00e3o com a diocese e a Igreja Siro-Malabar.<\/p>\n<p>&nbsp;<\/p>\n<p>Era um profundo desejo do Bispo Sebasti\u00e1n Vayalil que o organismo que plantasse suas ra\u00edzes em Kerala se juntasse \u00e0 Igreja Siro-Malabar. Ele o prop\u00f4s de maneira leg\u00edtima e firme, e os mission\u00e1rios claretianos alem\u00e3es deram boas-vindas \u00e0 proposta. Consequentemente, o primeiro semin\u00e1rio para mission\u00e1rios claretianos na \u00cdndia foi estabelecido em Kuravilangad. Al\u00e9m do bispo Sebastian, ilustres padres da diocese, Dom Thomas Moothedam, Dom Kurian Vanchipurackal e Revmo. Dr. Mathew Madathikunnel estavam entre os que apoiaram de todo o cora\u00e7\u00e3o o crescimento do Semin\u00e1rio, inaugurado em 1971, e o crescimento da Congrega\u00e7\u00e3o Claretiana como um todo. Foi o Revmo. Pe. Joseph Madhavath que atuou como mestre de obras do semin\u00e1rios e como pioneiro da forma\u00e7\u00e3o mission\u00e1ria (sacerdotal) nos primeiros anos. Os ilustres padres alem\u00e3es Francis Xavier Dirnberger CMF, Peter Schultz CMF e Joseph Allinger CMF demonstraram grande interesse no crescimento do Instituto e sua vontade de colaborar em seu financiamento. Eles mesmos foram os timoneiros do crescimento integral dos mission\u00e1rios claretianos na \u00cdndia.<\/p>\n<p>O AUGE DA CONGREGA\u00c7\u00c3O<\/p>\n<p>O papel de lideran\u00e7a e patroc\u00ednio da Prov\u00edncia Alem\u00e3 dos Mission\u00e1rios Claretianos e a vis\u00e3o de futuro dos padres indianos fizeram com que a Congrega\u00e7\u00e3o na \u00cdndia avan\u00e7asse no n\u00famero de seu pessoal e em sua expans\u00e3o ministerial. Tudo isso contribuiu para um crescimento com implica\u00e7\u00f5es na pastoral, nas miss\u00f5es, na esfera social e, \u00e9 claro, na \u00e1rea formativa. Assim, a Congrega\u00e7\u00e3o conseguiu abrir centros de miss\u00e3o em Tamil Nadu (1975), Andra Pradesh (1981) e, mais tarde, em Meghalaya. Em 1984, foi erigida uma Prov\u00edncia independente dos mission\u00e1rios claretianos na \u00cdndia com o t\u00edtulo de Prov\u00edncia de Bangalore \u2013 atualmente faz parte daquela primeira demarca\u00e7\u00e3o -. Mais tarde, com o crescimento da Congrega\u00e7\u00e3o, formaram-se a Prov\u00edncia de Chennai (1993), a Prov\u00edncia de St. Thomas na Igreja Siro-Malabar (2004), a Delega\u00e7\u00e3o Independente do Northeast (2017) e a Delega\u00e7\u00e3o Independente de Calcut\u00e1. (2019).<\/p>\n<p>Atualmente, os mission\u00e1rios claretianos servem a Igreja na \u00cdndia, de Kerala a Arunachal Pradesh. E est\u00e3o espalhados em cinco Organismos Maiores &#8211; Bengaluru, Chennai, St. Thomas, Nordeste e Kolkata &#8211; em dezessete estados indianos, com 82 comunidades, 520 padres mission\u00e1rios e alguns estudantes em forma\u00e7\u00e3o. Al\u00e9m disso, h\u00e1 muitos mission\u00e1rios claretianos indianos presentes nas fronteiras da miss\u00e3o nas Am\u00e9ricas do Norte e do Sul, Europa, \u00c1frica, especialmente na China e no Vaticano. Esperamos e rezamos que, atrav\u00e9s da intercess\u00e3o poderosa de nossa M\u00e3e Sant\u00edssima e de Santo Ant\u00f4nio Maria Claret, nosso Fundador, esta \u00e1rvore mission\u00e1ria, plantada no jardim da Santa Igreja, crescida em um grande feixe de galhos que se estendem por terras distantes, possa continuar produzindo frutos abundantes que resistam a todas as tempestades.<\/p>\n<p>DIVERSOS MINIST\u00c9RIOS<\/p>\n<p>Pastoral da prega\u00e7\u00e3o<\/p>\n<p>Os Mission\u00e1rios Claretianos, pelo fato de serem servidores da Palavra de Deus, exercem o minist\u00e9rio de prega\u00e7\u00e3o. Equipes especiais s\u00e3o formadas e iniciativas s\u00e3o realizadas em diferentes regi\u00f5es, com a inten\u00e7\u00e3o de organizar retiros para par\u00f3quias, religiosos e estudantes. \u00c9 evidente que um bom n\u00famero de fi\u00e9is desfruta dos benef\u00edcios espirituais atrav\u00e9s dos servi\u00e7os de nossos centros.<\/p>\n<p>Minist\u00e9rio pastoral<\/p>\n<p>Os Mission\u00e1rios Claretianos prestam seu servi\u00e7o pastoral em diferentes eparquias, a fim de satisfazer as necessidades espirituais e sacramentais dos fi\u00e9is da Igreja. Este minist\u00e9rio pastoral ajuda a formar novas comunidades crist\u00e3s e a levar as pessoas \u00e0 f\u00e9 crist\u00e3.<\/p>\n<p>Pastoral social<\/p>\n<p>Os Mission\u00e1rios Claretianos procuram promover a prosperidade da sociedade e apoiar as pessoas marginalizadas da sociedade com planos e medidas apropriados. Assim, por exemplo, eles alcan\u00e7am as v\u00edtimas em tempos de calamidades naturais.<\/p>\n<p>Pastoral do atendimento e cuidado da sa\u00fade<\/p>\n<p>\u00c9 outro minist\u00e9rio dos Mission\u00e1rios Claretianos da \u00cdndia tentando oferecer cuidado e tratamento aos doentes. A Congrega\u00e7\u00e3o possui v\u00e1rios centros de atendimento a pacientes com hansen\u00edase, os afetados pelo HIV\/AIDS, os deficientes mentais e os que sofrem de paralisia.<\/p>\n<p>Pastoral com os sem teto<\/p>\n<p>Os Mission\u00e1rios Claretianos da \u00cdndia abriram muitas casas de acolhida para os moradores em situa\u00e7\u00e3o de rua e para os abandonados por suas fam\u00edlias. Esses centros oferecem al\u00edvio em meio \u00e0 solid\u00e3o. Isso os faz sentir que t\u00eam algu\u00e9m que se importa com eles.<\/p>\n<p>Pastoral educativa<\/p>\n<p>A Congrega\u00e7\u00e3o Claretiana estabeleceu muitas institui\u00e7\u00f5es educacionais em diferentes partes da \u00cdndia, com o objetivo de proporcionar \u00e0s novas gera\u00e7\u00f5es uma melhor educa\u00e7\u00e3o baseada em valores morais.<\/p>\n<p>Pastoral da juventude<\/p>\n<p>Os Mission\u00e1rios Claretianos da \u00cdndia organizam v\u00e1rios semin\u00e1rios e retiros de desenvolvimento da personalidade para educar os jovens para servir a sociedade e a Igreja.<\/p>\n<p>Pastoral carcer\u00e1ria<\/p>\n<p>A Congrega\u00e7\u00e3o Claretiana na \u00cdndia oferece v\u00e1rias oportunidades para atender \u00e0s necessidades espirituais dos encarcerados, e sua educa\u00e7\u00e3o em valores morais, atrav\u00e9s de visitas regulares \u00e0s pris\u00f5es, missas dominicais nos c\u00e1rceres etc. Diferentes iniciativas s\u00e3o realizadas para a reabilita\u00e7\u00e3o dos ex-presidi\u00e1rios.<\/p>\n<p>Pastoral familiar<\/p>\n<p>Os Mission\u00e1rios Claretianos tentam fortalecer as rela\u00e7\u00f5es familiares por meio de assessoria familiar e de programas de conscientiza\u00e7\u00e3o.<\/p>\n<p>Pastoral dos meios de comunica\u00e7\u00e3o social<\/p>\n<p>Fazendo uso efetivo do &#8220;Continente Digital&#8221;, os mission\u00e1rios claretianos direcionam diferentes programas em v\u00e1rias plataformas de m\u00eddia social, para fortalecer toda a pastoral. Ora\u00e7\u00f5es di\u00e1rias, reflex\u00f5es sobre o Evangelho, programas do YouTube&#8230; s\u00e3o alguns deles. O Di\u00e1rio B\u00edblico e outros livros publicados pelas &#8216;Publica\u00e7\u00f5es Claretianas&#8217; s\u00e3o amplamente conhecidos e muito requisitados, mesmo fora da \u00cdndia.<\/p>\n<p>Pastoral das voca\u00e7\u00f5es<\/p>\n<p>Organizam-se oportunamente v\u00e1rios acampamentos sob a dire\u00e7\u00e3o dos promotores vocacionais para ajudar os aspirantes a discernir e fomentar as voca\u00e7\u00f5es para a vida sacerdotal e religiosa.<\/p>\n<p>Tempo de renova\u00e7\u00e3o<\/p>\n<p>Para os Mission\u00e1rios Claretianos da \u00cdndia, o Ano do Jubileu de Ouro \u00e9 um momento oportuno para a renova\u00e7\u00e3o dos membros e da Congrega\u00e7\u00e3o. O pilar da renova\u00e7\u00e3o da Congrega\u00e7\u00e3o n\u00e3o \u00e9 outro sen\u00e3o a renova\u00e7\u00e3o de cada um de seus membros.<\/p>\n<p>Tempo de renova\u00e7\u00e3o<\/p>\n<p>Deve-se fazer mem\u00f3ria com gratid\u00e3o que nossa amada Congrega\u00e7\u00e3o tem sido um est\u00edmulo e apoio ao longo destes cinquenta anos. \u00c9 necess\u00e1rio recordar especialmente, e sempre com gratid\u00e3o, a Prov\u00edncia Alem\u00e3 dos Mission\u00e1rios Claretianos que plantaram a semente e ajudaram generosamente em todas as etapas do crescimento dos Mission\u00e1rios Claretianos na \u00cdndia. Agradecer ao Pe. Arsenius CMI por ser o Diretor Espiritual dos Estudantes do Semin\u00e1rio Menor nas \u00faltimas cinco d\u00e9cadas. Recordar, com um cora\u00e7\u00e3o agradecido, de todos os Bispos, Superiores Maiores de tantas Congrega\u00e7\u00f5es, benfeitores e amigos. Recordar, com igual gratid\u00e3o, de todos os mission\u00e1rios claretianos falecidos da \u00cdndia por seu servi\u00e7o abnegado, enquanto seguimos orando pelo descanso eterno.<\/p>\n<p>Religiosas Claretianas<\/p>\n<p>Inspiradas pelo zelo mission\u00e1rio e pela santidade de Santo Ant\u00f4nio Maria Claret, tamb\u00e9m foram formadas congrega\u00e7\u00f5es religiosas. Entre eles, as Religiosos de Maria Imaculada &#8211; Mission\u00e1rios Claretianos &#8211; e as Mission\u00e1rias de Santo Ant\u00f4nio Maria Claret, presentes na \u00cdndia.<\/p>\n","protected":false},"excerpt":{"rendered":"<p>INTRODU\u00c7\u00c3O Para a Congrega\u00e7\u00e3o dos Mission\u00e1rios Claretianos (CMF), fundada por Santo Ant\u00f4nio MarIa Claret, Arcebispo de Cuba, em 16 de julho de 1849, e que participa vigorosamente dos esfor\u00e7os de evangeliza\u00e7\u00e3o global da Igreja Cat\u00f3lica, \u00e9 um grande momento de j\u00fabilo celebrar o Jubileu de Ouro de sua presen\u00e7a e minist\u00e9rio no solo da \u00cdndia. [&hellip;]<\/p>\n","protected":false},"author":2,"featured_media":84339,"comment_status":"closed","ping_status":"closed","sticky":false,"template":"","format":"standard","meta":{"_et_pb_use_builder":"","_et_pb_old_content":"","_et_gb_content_width":"","footnotes":""},"categories":[542],"tags":[],"class_list":["post-84657","post","type-post","status-publish","format-standard","has-post-thumbnail","hentry","category-aniversarios-pt-pt"],"jetpack_featured_media_url":"https:\/\/i0.wp.com\/www.claret.org\/wp-content\/uploads\/2020\/07\/CMF-50-years-logo.jpg?fit=1102%2C866&ssl=1","jetpack_sharing_enabled":true,"jetpack_shortlink":"https:\/\/wp.me\/pdaBmi-m1r","jetpack_likes_enabled":true,"_links":{"self":[{"href":"https:\/\/www.claret.org\/pt-pt\/wp-json\/wp\/v2\/posts\/84657","targetHints":{"allow":["GET"]}}],"collection":[{"href":"https:\/\/www.claret.org\/pt-pt\/wp-json\/wp\/v2\/posts"}],"about":[{"href":"https:\/\/www.claret.org\/pt-pt\/wp-json\/wp\/v2\/types\/post"}],"author":[{"embeddable":true,"href":"https:\/\/www.claret.org\/pt-pt\/wp-json\/wp\/v2\/users\/2"}],"replies":[{"embeddable":true,"href":"https:\/\/www.claret.org\/pt-pt\/wp-json\/wp\/v2\/comments?post=84657"}],"version-history":[{"count":0,"href":"https:\/\/www.claret.org\/pt-pt\/wp-json\/wp\/v2\/posts\/84657\/revisions"}],"wp:featuredmedia":[{"embeddable":true,"href":"https:\/\/www.claret.org\/pt-pt\/wp-json\/wp\/v2\/media\/84339"}],"wp:attachment":[{"href":"https:\/\/www.claret.org\/pt-pt\/wp-json\/wp\/v2\/media?parent=84657"}],"wp:term":[{"taxonomy":"category","embeddable":true,"href":"https:\/\/www.claret.org\/pt-pt\/wp-json\/wp\/v2\/categories?post=84657"},{"taxonomy":"post_tag","embeddable":true,"href":"https:\/\/www.claret.org\/pt-pt\/wp-json\/wp\/v2\/tags?post=84657"}],"curies":[{"name":"wp","href":"https:\/\/api.w.org\/{rel}","templated":true}]}}