{"id":85372,"date":"2020-08-07T21:42:26","date_gmt":"2020-08-07T19:42:26","guid":{"rendered":"https:\/\/www.claret.org\/assembleia-continental-somi-micla-reuniao-preparatoria\/"},"modified":"2020-08-07T21:42:26","modified_gmt":"2020-08-07T19:42:26","slug":"assembleia-continental-somi-micla-reuniao-preparatoria","status":"publish","type":"post","link":"https:\/\/www.claret.org\/pt-pt\/assembleia-continental-somi-micla-reuniao-preparatoria\/","title":{"rendered":"Assembleia continental SOMI MICLA (Reuni\u00e3o preparat\u00f3ria)"},"content":{"rendered":"<p><strong>Cidade do M\u00e9xico, M\u00e9xico.<\/strong> Na manh\u00e3 do dia 6 de agosto de 2020, convocados pela equipe coordenadora da pr\u00f3xima Assembleia Continental SOMI MICLA, a realizar-se de 12 a 18 de outubro de 2020, reuniram-se agentes comunicadores dos diferentes Organismos Maiores da Am\u00e9rica.<\/p>\n<p>A Assembleia Continental \u00e9 um evento anual que em cada edi\u00e7\u00e3o tem uma sede diferente dentro dos pa\u00edses que comp\u00f5em esta inst\u00e2ncia que foi criada para fortalecer o servi\u00e7o realizado pelos Mission\u00e1rios Claretianos em prol da Justi\u00e7a, Paz e Direitos Humanos. Este ano tocaria ao M\u00e9xico a organiza\u00e7\u00e3o e acolhimento dos participantes, mas desta vez a pandemia os obrigou a evocar e buscar novas formas de encontro e participa\u00e7\u00e3o.<\/p>\n<p>No encontro virtual \u2013 o primeiro \u2013 coordenadores do evento e comunicadores do M\u00e9xico, Col\u00f4mbia-Venezuela, Peru-Bol\u00edvia, Cuba, Brasil, Panam\u00e1 e Chile colocaram em pauta as a\u00e7\u00f5es program\u00e1ticas para este encontro, que tamb\u00e9m ser\u00e1 por videoconfer\u00eancia e que ter\u00e1 sess\u00f5es privadas e p\u00fablicas que ser\u00e3o partilhadas (as \u00faltimas) atrav\u00e9s das diferentes redes sociais.<\/p>\n<p>Uma das muitas decis\u00f5es e acordos deste fecundo primeiro encontro foi a forma\u00e7\u00e3o de equipes de trabalho e a contribui\u00e7\u00e3o digital das diferentes \u00e1reas que cada Organismo Maior pode enriquecer com seus pr\u00f3prios dons e talentos, al\u00e9m da calendariza\u00e7\u00e3o dos futuros enlaces e o trabalho conjunto que tanto enriquecer\u00e1 as diferentes comunidades claretianas no futuro.<\/p>\n","protected":false},"excerpt":{"rendered":"<p>Cidade do M\u00e9xico, M\u00e9xico. Na manh\u00e3 do dia 6 de agosto de 2020, convocados pela equipe coordenadora da pr\u00f3xima Assembleia Continental SOMI MICLA, a realizar-se de 12 a 18 de outubro de 2020, reuniram-se agentes comunicadores dos diferentes Organismos Maiores da Am\u00e9rica. A Assembleia Continental \u00e9 um evento anual que em cada edi\u00e7\u00e3o tem uma [&hellip;]<\/p>\n","protected":false},"author":2,"featured_media":85364,"comment_status":"closed","ping_status":"closed","sticky":false,"template":"","format":"standard","meta":{"_et_pb_use_builder":"","_et_pb_old_content":"","_et_gb_content_width":"","footnotes":""},"categories":[354,442],"tags":[],"class_list":["post-85372","post","type-post","status-publish","format-standard","has-post-thumbnail","hentry","category-micla-pt-pt","category-solidariedade-e-missao"],"jetpack_featured_media_url":"https:\/\/i0.wp.com\/www.claret.org\/wp-content\/uploads\/2020\/08\/MICLA-20200906-SOMI-MICLA-pre-asamblea.jpg?fit=1600%2C900&ssl=1","jetpack_sharing_enabled":true,"jetpack_shortlink":"https:\/\/wp.me\/pdaBmi-mcY","jetpack_likes_enabled":true,"_links":{"self":[{"href":"https:\/\/www.claret.org\/pt-pt\/wp-json\/wp\/v2\/posts\/85372","targetHints":{"allow":["GET"]}}],"collection":[{"href":"https:\/\/www.claret.org\/pt-pt\/wp-json\/wp\/v2\/posts"}],"about":[{"href":"https:\/\/www.claret.org\/pt-pt\/wp-json\/wp\/v2\/types\/post"}],"author":[{"embeddable":true,"href":"https:\/\/www.claret.org\/pt-pt\/wp-json\/wp\/v2\/users\/2"}],"replies":[{"embeddable":true,"href":"https:\/\/www.claret.org\/pt-pt\/wp-json\/wp\/v2\/comments?post=85372"}],"version-history":[{"count":0,"href":"https:\/\/www.claret.org\/pt-pt\/wp-json\/wp\/v2\/posts\/85372\/revisions"}],"wp:featuredmedia":[{"embeddable":true,"href":"https:\/\/www.claret.org\/pt-pt\/wp-json\/wp\/v2\/media\/85364"}],"wp:attachment":[{"href":"https:\/\/www.claret.org\/pt-pt\/wp-json\/wp\/v2\/media?parent=85372"}],"wp:term":[{"taxonomy":"category","embeddable":true,"href":"https:\/\/www.claret.org\/pt-pt\/wp-json\/wp\/v2\/categories?post=85372"},{"taxonomy":"post_tag","embeddable":true,"href":"https:\/\/www.claret.org\/pt-pt\/wp-json\/wp\/v2\/tags?post=85372"}],"curies":[{"name":"wp","href":"https:\/\/api.w.org\/{rel}","templated":true}]}}