{"id":85835,"date":"2020-08-12T08:34:48","date_gmt":"2020-08-12T06:34:48","guid":{"rendered":"https:\/\/www.claret.org\/covid-19-e-a-resiliencia-dos-povos-indigenas\/"},"modified":"2020-08-12T08:34:48","modified_gmt":"2020-08-12T06:34:48","slug":"covid-19-e-a-resiliencia-dos-povos-indigenas","status":"publish","type":"post","link":"https:\/\/www.claret.org\/pt-pt\/covid-19-e-a-resiliencia-dos-povos-indigenas\/","title":{"rendered":"Covid-19 e a resili\u00eancia dos Povos Ind\u00edgenas"},"content":{"rendered":"<p><strong>Nova York, Estados Unidos<\/strong>. Os mission\u00e1rios claretianos t\u00eam acompanhado diferentes etnias, ao redor do mundo, desde o respeito por suas culturas, no acompanhamento de suas exig\u00eancias para que seus direitos sejam respeitados, por isso se uniram \u00e0 celebra\u00e7\u00e3o do Dia Internacional dos povos ind\u00edgenas.<\/p>\n<p>No marco da Comemora\u00e7\u00e3o do Dia Internacional dos Povos Ind\u00edgenas do mundo, a Equipe de Solidariedade e Miss\u00e3o (SoMi) da Congrega\u00e7\u00e3o dos Mission\u00e1rios Claretianos, realizou um Di\u00e1logo virtual no dia 8 de agosto de 2020, sobre a situa\u00e7\u00e3o das comunidades ind\u00edgenas nas Filipinas, Qu\u00eania, Guatemala e Col\u00f4mbia. Sob o t\u00edtulo: COVID-19 E A RESILI\u00caNCIA DOS POVOS IND\u00cdGENAS.<\/p>\n<p>O debate se deu em torno de tr\u00eas pontos: a situa\u00e7\u00e3o geral dos povos ind\u00edgenas no pa\u00eds, a resposta das comunidades \u00e0 pandemia do COVID-19 e o acompanhamento mission\u00e1rio dos claretianos.<\/p>\n<p>\u00c9 a primeira vez que os mission\u00e1rios claretianos organizam um evento de car\u00e1ter global sobre os povos ind\u00edgenas, uma atividade online que contou com a participa\u00e7\u00e3o de mais de 120 pessoas de 24 pa\u00edses, membros da Fam\u00edlia Claretiana e Estudantes das casas de Forma\u00e7\u00e3o. Esta conversa com tradu\u00e7\u00e3o simult\u00e2nea para o ingl\u00eas e o espanhol come\u00e7ou com as palavras do Padre Geral, Mathew Vattamattam, CMF, que nos lembrou que a discrimina\u00e7\u00e3o sofrida pelos povos ind\u00edgenas \u00e9 uma realidade que deve nos desafiar, pois por um lado n\u00e3o \u00e9 uma atitude crist\u00e3 e, por outro, lembra que Santo Ant\u00f4nio Maria Claret em diferentes ocasi\u00f5es e especialmente em Cuba, assumiu uma atitude prof\u00e9tica em rela\u00e7\u00e3o \u00e0 discrimina\u00e7\u00e3o sofrida pelos povos.<\/p>\n<p>&nbsp;<\/p>\n<p>Ap\u00f3s as palavras do Padre Geral, iniciou-se um momento de ora\u00e7\u00e3o animado pela Comunidade Maya Q&#8217;eqchi de Izabal, Guatemala. Esta conversa foi moderada por Fernando Guzm\u00e1n, Leigo Claretiano, da Prov\u00edncia de San Jos\u00e9 del Sur e coordenador da Equipe de Solidariedade e Miss\u00e3o de MICLA, tamb\u00e9m esteve presente o Pe. Daniel LaBlanc OMI, Secret\u00e1rio de Comunica\u00e7\u00f5es do Comit\u00ea de ONGs sobre os direitos dos Povos Ind\u00edgenas presente nas Na\u00e7\u00f5es Unidas, Nova York.<\/p>\n<p>Foram momentos muito intensos ao ouvir os testemunhos de Rebecca Tuwa e Maygelyn Tuwa da comunidade Tagakaulo, nas Filipinas; as palavras de Malan Ome e Gabriella Naro Esokon da comunidade Isiolo de Ngaremara (Lowangila Village), no Qu\u00eania; A dram\u00e1tica situa\u00e7\u00e3o dos l\u00edderes assassinados na Col\u00f4mbia na voz de Luis Evelis Andrade Casama, da Comunidade Embera, e Luz Milena Rinc\u00f3n, da etnia Sikuani da comunidade Trompillo-Kuwai, Vichada.<\/p>\n<p>O testemunho claretiano foi tamb\u00e9m compartilhado: Ir. Joseph Roy D. Villarin, CMF, da Prov\u00edncia das Filipinas, Pe. John Obonyo, CMF, origin\u00e1rio de Uganda e que acompanha as comunidades do Qu\u00eania pertencentes \u00e0 Delega\u00e7\u00e3o Independente de Charles Lwanga e o padre Manuel Sam Cabnal, que pertence ao povo Maya Q\u00e9qchi, no Estor Izabal da Prov\u00edncia da Am\u00e9rica Central.<\/p>\n<p>No meio da conversa chegou a not\u00edcia da partida para a casa do Pai de Dom Pedro Casald\u00e1liga; um sentimento de vitalidade acompanhou aquele momento, pois para os povos ind\u00edgenas do Brasil e do mundo a figura deste querido mission\u00e1rio \u00e9 emblem\u00e1tica e inspiradora na luta pela defesa dos territ\u00f3rios ancestrais. Por um momento a tristeza se apoderou dos participantes, mas a experi\u00eancia de sua ressurrei\u00e7\u00e3o encheu-os de coragem para viver com alegria o acompanhamento mission\u00e1rio no meio dos povos ind\u00edgenas.<\/p>\n<p>Uma das conclus\u00f5es deste encontro foi a necessidade de consolidar a rede internacional de Solidariedade e Miss\u00e3o Claretiana para apoiar as causas dos povos ind\u00edgenas e outros povos, que como eles est\u00e3o sofrendo a destrui\u00e7\u00e3o e a perda de seus territ\u00f3rios devido aos impactos da ind\u00fastria extrativista, minera\u00e7\u00e3o e petroleira, a viola\u00e7\u00e3o sistem\u00e1tica dos direitos humanos, a extin\u00e7\u00e3o de algumas etnias e l\u00ednguas ind\u00edgenas, bem como a perda de conhecimentos ancestrais para o cuidado da sa\u00fade e da terra.<\/p>\n<p>&nbsp;<\/p>\n<p>[envira-gallery id=&#8221;85641&#8243;]<\/p>\n","protected":false},"excerpt":{"rendered":"<p>Nova York, Estados Unidos. Os mission\u00e1rios claretianos t\u00eam acompanhado diferentes etnias, ao redor do mundo, desde o respeito por suas culturas, no acompanhamento de suas exig\u00eancias para que seus direitos sejam respeitados, por isso se uniram \u00e0 celebra\u00e7\u00e3o do Dia Internacional dos povos ind\u00edgenas. No marco da Comemora\u00e7\u00e3o do Dia Internacional dos Povos Ind\u00edgenas do [&hellip;]<\/p>\n","protected":false},"author":2,"featured_media":85658,"comment_status":"closed","ping_status":"closed","sticky":false,"template":"","format":"standard","meta":{"_et_pb_use_builder":"","_et_pb_old_content":"","_et_gb_content_width":"","footnotes":""},"categories":[1192,442],"tags":[],"class_list":["post-85835","post","type-post","status-publish","format-standard","has-post-thumbnail","hentry","category-pessoas-indigenas","category-solidariedade-e-missao"],"jetpack_featured_media_url":"https:\/\/i0.wp.com\/www.claret.org\/wp-content\/uploads\/2020\/08\/SOMI-20200808-Resilience-of-Indigenous-Peoples.jpg?fit=1644%2C925&ssl=1","jetpack_sharing_enabled":true,"jetpack_shortlink":"https:\/\/wp.me\/pdaBmi-mkr","jetpack_likes_enabled":true,"_links":{"self":[{"href":"https:\/\/www.claret.org\/pt-pt\/wp-json\/wp\/v2\/posts\/85835","targetHints":{"allow":["GET"]}}],"collection":[{"href":"https:\/\/www.claret.org\/pt-pt\/wp-json\/wp\/v2\/posts"}],"about":[{"href":"https:\/\/www.claret.org\/pt-pt\/wp-json\/wp\/v2\/types\/post"}],"author":[{"embeddable":true,"href":"https:\/\/www.claret.org\/pt-pt\/wp-json\/wp\/v2\/users\/2"}],"replies":[{"embeddable":true,"href":"https:\/\/www.claret.org\/pt-pt\/wp-json\/wp\/v2\/comments?post=85835"}],"version-history":[{"count":0,"href":"https:\/\/www.claret.org\/pt-pt\/wp-json\/wp\/v2\/posts\/85835\/revisions"}],"wp:featuredmedia":[{"embeddable":true,"href":"https:\/\/www.claret.org\/pt-pt\/wp-json\/wp\/v2\/media\/85658"}],"wp:attachment":[{"href":"https:\/\/www.claret.org\/pt-pt\/wp-json\/wp\/v2\/media?parent=85835"}],"wp:term":[{"taxonomy":"category","embeddable":true,"href":"https:\/\/www.claret.org\/pt-pt\/wp-json\/wp\/v2\/categories?post=85835"},{"taxonomy":"post_tag","embeddable":true,"href":"https:\/\/www.claret.org\/pt-pt\/wp-json\/wp\/v2\/tags?post=85835"}],"curies":[{"name":"wp","href":"https:\/\/api.w.org\/{rel}","templated":true}]}}