{"id":91354,"date":"2020-10-05T10:44:39","date_gmt":"2020-10-05T08:44:39","guid":{"rendered":"https:\/\/www.claret.org\/ordenacao-diaconal-na-delegacao-de-calcuta\/"},"modified":"2020-10-05T10:44:39","modified_gmt":"2020-10-05T08:44:39","slug":"ordenacao-diaconal-na-delegacao-de-calcuta","status":"publish","type":"post","link":"https:\/\/www.claret.org\/pt-pt\/ordenacao-diaconal-na-delegacao-de-calcuta\/","title":{"rendered":"Ordena\u00e7\u00e3o diaconal na Delega\u00e7\u00e3o de Calcut\u00e1"},"content":{"rendered":"<p><strong>Barrackpore, \u00cdndia.<\/strong> No dia 29 de setembro de 2020, Festa dos Arcanjos, a Delega\u00e7\u00e3o Independente de Calcut\u00e1 celebrou uma ordena\u00e7\u00e3o diaconal \u00e0s 6h30 da manh\u00e3 no audit\u00f3rio de Claret Nivas, Barrackpore. Dom Thomas D&#8217;Souza, Arcebispo de Calcut\u00e1, conferiu a ordem do Diaconato a seis Estudantes Mission\u00e1rios Claretianos, a saber, Abinash Toppo, Robert R., CMFF (Delega\u00e7\u00e3o de Calcut\u00e1) e Ashish Pani, Francis Kumar, Jichoriyo Nayak e Shyam C., CMFF (Prov\u00edncia de Chennai). Um religioso vicentino, Daniel Lourdu Raj, tamb\u00e9m foi ordenado junto com eles. Participaram da cerim\u00f4nia alguns sacerdotes mission\u00e1rios claretianos de Ranchi, Sahanagar e Masagram, o Superior Regional Vicentino, o Pe. Vincent, outros vicentinos, padres e irm\u00e3os do Morning Star College, religiosos vizinhos e representantes da Par\u00f3quia Rupantor.<\/p>\n<p>Participaram todos de uma bela experi\u00eancia lit\u00fargica. A gra\u00e7a sacramental conferida aos novos di\u00e1conos foi fonte de inspira\u00e7\u00e3o para todos. Depois da Sagrada Eucaristia, as devidas felicita\u00e7\u00f5es foram dirigidas aos rec\u00e9m-ordenados. Tudo terminou com o caf\u00e9 da manh\u00e3 de confraterniza\u00e7\u00e3o \u00e0s 9h45.<\/p>\n","protected":false},"excerpt":{"rendered":"<p>Barrackpore, \u00cdndia. No dia 29 de setembro de 2020, Festa dos Arcanjos, a Delega\u00e7\u00e3o Independente de Calcut\u00e1 celebrou uma ordena\u00e7\u00e3o diaconal \u00e0s 6h30 da manh\u00e3 no audit\u00f3rio de Claret Nivas, Barrackpore. Dom Thomas D&#8217;Souza, Arcebispo de Calcut\u00e1, conferiu a ordem do Diaconato a seis Estudantes Mission\u00e1rios Claretianos, a saber, Abinash Toppo, Robert R., CMFF (Delega\u00e7\u00e3o [&hellip;]<\/p>\n","protected":false},"author":2,"featured_media":91331,"comment_status":"closed","ping_status":"closed","sticky":false,"template":"","format":"standard","meta":{"_et_pb_use_builder":"","_et_pb_old_content":"","_et_gb_content_width":"","footnotes":""},"categories":[235,230,574],"tags":[],"class_list":["post-91354","post","type-post","status-publish","format-standard","has-post-thumbnail","hentry","category-kolkata-pt-pt","category-chennai-pt-pt","category-ordenacoes"],"jetpack_featured_media_url":"https:\/\/i0.wp.com\/www.claret.org\/wp-content\/uploads\/2020\/10\/KK-20200929-Diaconate-Ordinations-2020.png?fit=1788%2C1189&ssl=1","jetpack_sharing_enabled":true,"jetpack_shortlink":"https:\/\/wp.me\/pdaBmi-nLs","jetpack_likes_enabled":true,"_links":{"self":[{"href":"https:\/\/www.claret.org\/pt-pt\/wp-json\/wp\/v2\/posts\/91354","targetHints":{"allow":["GET"]}}],"collection":[{"href":"https:\/\/www.claret.org\/pt-pt\/wp-json\/wp\/v2\/posts"}],"about":[{"href":"https:\/\/www.claret.org\/pt-pt\/wp-json\/wp\/v2\/types\/post"}],"author":[{"embeddable":true,"href":"https:\/\/www.claret.org\/pt-pt\/wp-json\/wp\/v2\/users\/2"}],"replies":[{"embeddable":true,"href":"https:\/\/www.claret.org\/pt-pt\/wp-json\/wp\/v2\/comments?post=91354"}],"version-history":[{"count":0,"href":"https:\/\/www.claret.org\/pt-pt\/wp-json\/wp\/v2\/posts\/91354\/revisions"}],"wp:featuredmedia":[{"embeddable":true,"href":"https:\/\/www.claret.org\/pt-pt\/wp-json\/wp\/v2\/media\/91331"}],"wp:attachment":[{"href":"https:\/\/www.claret.org\/pt-pt\/wp-json\/wp\/v2\/media?parent=91354"}],"wp:term":[{"taxonomy":"category","embeddable":true,"href":"https:\/\/www.claret.org\/pt-pt\/wp-json\/wp\/v2\/categories?post=91354"},{"taxonomy":"post_tag","embeddable":true,"href":"https:\/\/www.claret.org\/pt-pt\/wp-json\/wp\/v2\/tags?post=91354"}],"curies":[{"name":"wp","href":"https:\/\/api.w.org\/{rel}","templated":true}]}}