{"id":91588,"date":"2020-10-14T22:26:27","date_gmt":"2020-10-14T20:26:27","guid":{"rendered":"https:\/\/www.claret.org\/profissao-perpetua-na-missao-espanhola-de-paris\/"},"modified":"2020-10-14T22:26:27","modified_gmt":"2020-10-14T20:26:27","slug":"profissao-perpetua-na-missao-espanhola-de-paris","status":"publish","type":"post","link":"https:\/\/www.claret.org\/pt-pt\/profissao-perpetua-na-missao-espanhola-de-paris\/","title":{"rendered":"Profiss\u00e3o Perp\u00e9tua na Miss\u00e3o Espanhola de Paris"},"content":{"rendered":"<p><strong>Paris, Fran\u00e7a.<\/strong> A igreja da Miss\u00e3o Espanhola e sua comunidade crist\u00e3 vivenciaram no domingo, 11 de outubro de 2020, v\u00e9spera da festa de Nossa Senhora do Pilar, t\u00e3o venerada em muitas na\u00e7\u00f5es latino-americanas, a profiss\u00e3o perp\u00e9tua de Denis D. Malov, mission\u00e1rio do Prov\u00edncia de Santiago.<\/p>\n<p>Denis, de nacionalidade russa, cresceu na f\u00e9 na par\u00f3quia de S\u00e3o Miguel Arcanjo de Murmansk, onde continua residindo sua fam\u00edlia, e viveu v\u00e1rias fases da sua forma\u00e7\u00e3o inicial na R\u00fassia, Granada, Colmenar Viejo e Paris, onde cursa estudos de licenciatura em teologia.<\/p>\n<p>Um bom n\u00famero de jovens compartilhou a alegria do dia com a comunidade da Miss\u00e3o, \u00e0 qual se uniram dois consultores provinciais chegados da Espanha.<\/p>\n<p>&nbsp;<\/p>\n<p>&nbsp;<\/p>\n<p>&nbsp;<\/p>\n<p>[envira-gallery id=&#8221;91505&#8243;]<\/p>\n","protected":false},"excerpt":{"rendered":"<p>Paris, Fran\u00e7a. A igreja da Miss\u00e3o Espanhola e sua comunidade crist\u00e3 vivenciaram no domingo, 11 de outubro de 2020, v\u00e9spera da festa de Nossa Senhora do Pilar, t\u00e3o venerada em muitas na\u00e7\u00f5es latino-americanas, a profiss\u00e3o perp\u00e9tua de Denis D. Malov, mission\u00e1rio do Prov\u00edncia de Santiago. Denis, de nacionalidade russa, cresceu na f\u00e9 na par\u00f3quia de [&hellip;]<\/p>\n","protected":false},"author":2,"featured_media":91535,"comment_status":"closed","ping_status":"closed","sticky":false,"template":"","format":"standard","meta":{"_et_pb_use_builder":"","_et_pb_old_content":"","_et_gb_content_width":"","footnotes":""},"categories":[579,339],"tags":[],"class_list":["post-91588","post","type-post","status-publish","format-standard","has-post-thumbnail","hentry","category-profissoes","category-santiago-pt-pt"],"jetpack_featured_media_url":"https:\/\/i0.wp.com\/www.claret.org\/wp-content\/uploads\/2020\/10\/Paris_profesion.jpg?fit=1186%2C690&ssl=1","jetpack_sharing_enabled":true,"jetpack_shortlink":"https:\/\/wp.me\/pdaBmi-nPe","jetpack_likes_enabled":true,"_links":{"self":[{"href":"https:\/\/www.claret.org\/pt-pt\/wp-json\/wp\/v2\/posts\/91588","targetHints":{"allow":["GET"]}}],"collection":[{"href":"https:\/\/www.claret.org\/pt-pt\/wp-json\/wp\/v2\/posts"}],"about":[{"href":"https:\/\/www.claret.org\/pt-pt\/wp-json\/wp\/v2\/types\/post"}],"author":[{"embeddable":true,"href":"https:\/\/www.claret.org\/pt-pt\/wp-json\/wp\/v2\/users\/2"}],"replies":[{"embeddable":true,"href":"https:\/\/www.claret.org\/pt-pt\/wp-json\/wp\/v2\/comments?post=91588"}],"version-history":[{"count":0,"href":"https:\/\/www.claret.org\/pt-pt\/wp-json\/wp\/v2\/posts\/91588\/revisions"}],"wp:featuredmedia":[{"embeddable":true,"href":"https:\/\/www.claret.org\/pt-pt\/wp-json\/wp\/v2\/media\/91535"}],"wp:attachment":[{"href":"https:\/\/www.claret.org\/pt-pt\/wp-json\/wp\/v2\/media?parent=91588"}],"wp:term":[{"taxonomy":"category","embeddable":true,"href":"https:\/\/www.claret.org\/pt-pt\/wp-json\/wp\/v2\/categories?post=91588"},{"taxonomy":"post_tag","embeddable":true,"href":"https:\/\/www.claret.org\/pt-pt\/wp-json\/wp\/v2\/tags?post=91588"}],"curies":[{"name":"wp","href":"https:\/\/api.w.org\/{rel}","templated":true}]}}