{"id":92632,"date":"2020-10-30T12:19:26","date_gmt":"2020-10-30T11:19:26","guid":{"rendered":"https:\/\/www.claret.org\/encontro-dos-governos-gerais-cmf-rm\/"},"modified":"2020-10-30T12:19:26","modified_gmt":"2020-10-30T11:19:26","slug":"encontro-dos-governos-gerais-cmf-rm","status":"publish","type":"post","link":"https:\/\/www.claret.org\/pt-pt\/encontro-dos-governos-gerais-cmf-rm\/","title":{"rendered":"Encontro dos Governos Gerais, CMF &#8211; RM"},"content":{"rendered":"<p><strong>Roma, It\u00e1lia.<\/strong> No dia 28 de outubro de 2020, os membros dos dois Governos Gerais dos Mission\u00e1rios Claretianos e das Mission\u00e1rias Claretianas se reuniram na casa da C\u00faria localizada na Via Calandrelli, Roma. A sauda\u00e7\u00e3o e a alegria de compartilhar em fam\u00edlia marcaram o in\u00edcio deste encontro. Seguiu-se um momento de ora\u00e7\u00e3o, no \u00e2mbito da festa dos Ap\u00f3stolos Sim\u00e3o e Judas, que voltou a fazer ressoar o apelo a ser novos ap\u00f3stolos ao estilo de Claret e de Paris.<\/p>\n<p>Trocaram-se experi\u00eancias e informa\u00e7\u00f5es por meio de uma rica partilha das recentes celebra\u00e7\u00f5es em torno do 150\u00ba anivers\u00e1rio da morte de Santo Ant\u00f4nio Maria Claret; as diversas atividades realizadas online, com a presen\u00e7a de toda a Fam\u00edlia Claretiana, incentivando a celebra\u00e7\u00e3o jubilar e o lan\u00e7amento do \u201cClaret Way\u201d da pastoral juvenil em fam\u00edlia claretiana.<\/p>\n<p>Os Mission\u00e1rios Claretianos compartilharam tamb\u00e9m sobre a prepara\u00e7\u00e3o ao XXVI Cap\u00edtulo Geral, os avan\u00e7os e desafios desta caminhada \u201cem sinodalidade\u201d em meio \u00e0 pandemia. As Mission\u00e1rias Claretianas compartilharam sobre os 100 anos de Uni\u00e3o do Instituto e as iniciativas a isso relacionadas, como o semin\u00e1rio intercultural e o concurso \u201cClaretianas 2020\u201d.<\/p>\n<p>Dialogaram sobre a miss\u00e3o em Madagascar e os passos a seguir para concretizar o andamento da concretiza\u00e7\u00e3o desse projeto mission\u00e1rio compartilhado. Como costuma acontecer nessas ocasi\u00f5es, as v\u00e1rias Prefeituras informaram sobre as atividades promovidas nestes tempos: o m\u00eas mission\u00e1rio, o \u201ccaminhar com outros\u201d como projeto de forma\u00e7\u00e3o compartilhada com os leigos e as pr\u00f3ximas publica\u00e7\u00f5es.<\/p>\n<p>Assim, em clima fraterno, quase sem perceber, a manh\u00e3 foi curta para tal agenda. As conversas se arrastaram durante a refei\u00e7\u00e3o, desfrutando de deliciosos sabores em boa companhia.<\/p>\n","protected":false},"excerpt":{"rendered":"<p>Roma, It\u00e1lia. No dia 28 de outubro de 2020, os membros dos dois Governos Gerais dos Mission\u00e1rios Claretianos e das Mission\u00e1rias Claretianas se reuniram na casa da C\u00faria localizada na Via Calandrelli, Roma. A sauda\u00e7\u00e3o e a alegria de compartilhar em fam\u00edlia marcaram o in\u00edcio deste encontro. Seguiu-se um momento de ora\u00e7\u00e3o, no \u00e2mbito da [&hellip;]<\/p>\n","protected":false},"author":2,"featured_media":92617,"comment_status":"closed","ping_status":"closed","sticky":false,"template":"","format":"standard","meta":{"_et_pb_use_builder":"","_et_pb_old_content":"","_et_gb_content_width":"","footnotes":""},"categories":[529,518],"tags":[],"class_list":["post-92632","post","type-post","status-publish","format-standard","has-post-thumbnail","hentry","category-familia-claretiana-pt-pt","category-governo-geral"],"jetpack_featured_media_url":"https:\/\/i0.wp.com\/www.claret.org\/wp-content\/uploads\/2020\/10\/GG-20201028-CMF-RMI-Meeting.jpeg?fit=1600%2C900&ssl=1","jetpack_sharing_enabled":true,"jetpack_shortlink":"https:\/\/wp.me\/pdaBmi-o64","jetpack_likes_enabled":true,"_links":{"self":[{"href":"https:\/\/www.claret.org\/pt-pt\/wp-json\/wp\/v2\/posts\/92632","targetHints":{"allow":["GET"]}}],"collection":[{"href":"https:\/\/www.claret.org\/pt-pt\/wp-json\/wp\/v2\/posts"}],"about":[{"href":"https:\/\/www.claret.org\/pt-pt\/wp-json\/wp\/v2\/types\/post"}],"author":[{"embeddable":true,"href":"https:\/\/www.claret.org\/pt-pt\/wp-json\/wp\/v2\/users\/2"}],"replies":[{"embeddable":true,"href":"https:\/\/www.claret.org\/pt-pt\/wp-json\/wp\/v2\/comments?post=92632"}],"version-history":[{"count":0,"href":"https:\/\/www.claret.org\/pt-pt\/wp-json\/wp\/v2\/posts\/92632\/revisions"}],"wp:featuredmedia":[{"embeddable":true,"href":"https:\/\/www.claret.org\/pt-pt\/wp-json\/wp\/v2\/media\/92617"}],"wp:attachment":[{"href":"https:\/\/www.claret.org\/pt-pt\/wp-json\/wp\/v2\/media?parent=92632"}],"wp:term":[{"taxonomy":"category","embeddable":true,"href":"https:\/\/www.claret.org\/pt-pt\/wp-json\/wp\/v2\/categories?post=92632"},{"taxonomy":"post_tag","embeddable":true,"href":"https:\/\/www.claret.org\/pt-pt\/wp-json\/wp\/v2\/tags?post=92632"}],"curies":[{"name":"wp","href":"https:\/\/api.w.org\/{rel}","templated":true}]}}