{"id":94796,"date":"2021-01-10T18:45:53","date_gmt":"2021-01-10T17:45:53","guid":{"rendered":"https:\/\/www.claret.org\/cinco-missionarios-da-vinha-jovem-emitem-sua-primeira-profissao-religiosa\/"},"modified":"2021-01-10T18:45:53","modified_gmt":"2021-01-10T17:45:53","slug":"cinco-missionarios-da-vinha-jovem-emitem-sua-primeira-profissao-religiosa","status":"publish","type":"post","link":"https:\/\/www.claret.org\/pt-pt\/cinco-missionarios-da-vinha-jovem-emitem-sua-primeira-profissao-religiosa\/","title":{"rendered":"Cinco mission\u00e1rios da \u00abvinha jovem\u00bb emitem sua primeira profiss\u00e3o religiosa"},"content":{"rendered":"<p><strong>Medell\u00edn, Col\u00f4mbia.<\/strong> No dia 6 de janeiro, na Bas\u00edlica Menor de Nossa Senhora do Ros\u00e1rio de Chiquinquir\u00e1 (La Estrella, Medell\u00edn), os mission\u00e1rios em forma\u00e7\u00e3o que conclu\u00edram o noviciado fizeram a primeira profiss\u00e3o religiosa: Felipe Rodrigues Sim\u00e3o, Jos\u00e9 Silva dos Santos, Igor Souza Ara\u00fajo, Platini Correia Santos (Prov\u00edncia do Brasil) e Hern\u00e1n Bravo Ortega (Prov\u00edncia de San Jos\u00e9 del Sur).<\/p>\n<p>A celebra\u00e7\u00e3o foi presidida pelo Pe. Jos\u00e9 Gilberto Franco, mestre dos novi\u00e7os professos, e contou com a presen\u00e7a do Ir. Fernando Kuhn, Prefeito de Forma\u00e7\u00e3o de San Jos\u00e9 del Sur, que oficiou como testemunha da profiss\u00e3o.<\/p>\n<p>&nbsp;<\/p>\n<p>[envira-gallery id=&#8221;94778&#8243;]<\/p>\n","protected":false},"excerpt":{"rendered":"<p>Medell\u00edn, Col\u00f4mbia. No dia 6 de janeiro, na Bas\u00edlica Menor de Nossa Senhora do Ros\u00e1rio de Chiquinquir\u00e1 (La Estrella, Medell\u00edn), os mission\u00e1rios em forma\u00e7\u00e3o que conclu\u00edram o noviciado fizeram a primeira profiss\u00e3o religiosa: Felipe Rodrigues Sim\u00e3o, Jos\u00e9 Silva dos Santos, Igor Souza Ara\u00fajo, Platini Correia Santos (Prov\u00edncia do Brasil) e Hern\u00e1n Bravo Ortega (Prov\u00edncia de [&hellip;]<\/p>\n","protected":false},"author":1,"featured_media":94350,"comment_status":"closed","ping_status":"closed","sticky":false,"template":"","format":"standard","meta":{"_et_pb_use_builder":"","_et_pb_old_content":"","_et_gb_content_width":"","footnotes":""},"categories":[365,373,354,1155,579,393],"tags":[],"class_list":["post-94796","post","type-post","status-publish","format-standard","has-post-thumbnail","hentry","category-brasil-pt-pt","category-colombia-venezuela-pt-pt","category-micla-pt-pt","category-noviciado-pt-pt","category-profissoes","category-san-jose-del-sur-pt-pt"],"jetpack_featured_media_url":"https:\/\/i0.wp.com\/www.claret.org\/wp-content\/uploads\/2021\/01\/primeraprof1-e1610299496857.jpg?fit=917%2C688&ssl=1","jetpack_sharing_enabled":true,"jetpack_shortlink":"https:\/\/wp.me\/pdaBmi-oEY","jetpack_likes_enabled":true,"_links":{"self":[{"href":"https:\/\/www.claret.org\/pt-pt\/wp-json\/wp\/v2\/posts\/94796","targetHints":{"allow":["GET"]}}],"collection":[{"href":"https:\/\/www.claret.org\/pt-pt\/wp-json\/wp\/v2\/posts"}],"about":[{"href":"https:\/\/www.claret.org\/pt-pt\/wp-json\/wp\/v2\/types\/post"}],"author":[{"embeddable":true,"href":"https:\/\/www.claret.org\/pt-pt\/wp-json\/wp\/v2\/users\/1"}],"replies":[{"embeddable":true,"href":"https:\/\/www.claret.org\/pt-pt\/wp-json\/wp\/v2\/comments?post=94796"}],"version-history":[{"count":0,"href":"https:\/\/www.claret.org\/pt-pt\/wp-json\/wp\/v2\/posts\/94796\/revisions"}],"wp:featuredmedia":[{"embeddable":true,"href":"https:\/\/www.claret.org\/pt-pt\/wp-json\/wp\/v2\/media\/94350"}],"wp:attachment":[{"href":"https:\/\/www.claret.org\/pt-pt\/wp-json\/wp\/v2\/media?parent=94796"}],"wp:term":[{"taxonomy":"category","embeddable":true,"href":"https:\/\/www.claret.org\/pt-pt\/wp-json\/wp\/v2\/categories?post=94796"},{"taxonomy":"post_tag","embeddable":true,"href":"https:\/\/www.claret.org\/pt-pt\/wp-json\/wp\/v2\/tags?post=94796"}],"curies":[{"name":"wp","href":"https:\/\/api.w.org\/{rel}","templated":true}]}}