{"id":94993,"date":"2021-01-26T09:50:49","date_gmt":"2021-01-26T08:50:49","guid":{"rendered":"https:\/\/www.claret.org\/ordenacao-diaconal-de-edgar-alejandro-salgado-tapia-cmf-na-cidade-do-mexico\/"},"modified":"2021-01-26T09:50:49","modified_gmt":"2021-01-26T08:50:49","slug":"ordenacao-diaconal-de-edgar-alejandro-salgado-tapia-cmf-na-cidade-do-mexico","status":"publish","type":"post","link":"https:\/\/www.claret.org\/pt-pt\/ordenacao-diaconal-de-edgar-alejandro-salgado-tapia-cmf-na-cidade-do-mexico\/","title":{"rendered":"Ordena\u00e7\u00e3o diaconal de Edgar Alejandro Salgado Tapia, CMF na Cidade do M\u00e9xico"},"content":{"rendered":"<p><strong>Cidade do M\u00e9xico, M\u00e9xico<\/strong>. No s\u00e1bado, 23 de janeiro, a Prov\u00edncia do M\u00e9xico, na igreja de Santo Ant\u00f4nio Maria Claret, celebrou com alegria a ordena\u00e7\u00e3o diaconal do mission\u00e1rio Edgar Alejandro Salgado Tapia, CMF.<\/p>\n<p>A ordena\u00e7\u00e3o foi presidida por Dom H\u00e9ctor Mario P\u00e9rez Villareal, bispo auxiliar da Arquidiocese do M\u00e9xico. O bispo em sua homilia lembrou Edgar Alejandro do dom do diaconato:<\/p>\n<p>\u00abHoje que te aproximas n\u00e3o s\u00f3 para receber um novo servi\u00e7o dentro da Igreja, n\u00e3o \u00e9 s\u00f3 outra tarefa, \u00e9 o Esp\u00edrito do Senhor [&#8230;] Quando foste batizado, recebeste o Esp\u00edrito de Deus; quando foste confirmado recebeste o Esp\u00edrito de Deus para cumprir a tua miss\u00e3o na terra [\u2026] \u00bb.<\/p>\n<p>Dom P\u00e9rez Villareal destacou tamb\u00e9m os tra\u00e7os caracter\u00edsticos da ordem sagrada que a liturgia da Palavra j\u00e1 mencionou, o dom e a gra\u00e7a que Edgar recebe e que diz respeito tamb\u00e9m a todo o Povo de Deus:<\/p>\n<p>\u00ab[\u2026] E hoje recebes mais uma vez aquele Esp\u00edrito, com um car\u00e1cter \u00fanico, pois o Sacramento do Diaconato confere-te o Esp\u00edrito de Deus que te identifica com Cristo Servo. Tens a responsabilidade de viver plenamente porque nunca sair\u00e1s do diaconato, a experi\u00eancia de se identificar com Cristo Servo [&#8230;] Fa\u00e7a o que o Senhor espera de ti, s\u00ea um homem justo, aja com retid\u00e3o e aprendas a amar com fidelidade [&#8230; ] Andes com Deus; vivas a pr\u00f3pria hist\u00f3ria como Hist\u00f3ria da Salva\u00e7\u00e3o [&#8230;] Cristo no centro, \u00e9 Ele que caminha contigo, com toda a Fam\u00edlia Claretiana [&#8230;] \u00bb.<\/p>\n<p>No final da Eucaristia, o Pe. Enrique Mascorro L\u00f3pez, CMF, Superior Maior da Prov\u00edncia do M\u00e9xico, agradeceu ao Bispo e aos irm\u00e3os presentes. O di\u00e1cono rec\u00e9m-ordenado tamb\u00e9m agradeceu a Deus, \u00e0 Fam\u00edlia Claretiana, \u00e0 sua m\u00e3e e pai, e aos poucos familiares e amigos que puderam comparecer devido \u00e0s circunst\u00e2ncias da pandemia. Agradeceu tamb\u00e9m a quantos se conectaram atrav\u00e9s das redes para acompanh\u00e1-lo e rezar pela sua entrega e seguimento de Cristo na Fam\u00edlia Claretiana e ao servi\u00e7o da Igreja.<\/p>\n<p>&nbsp;<\/p>\n<p>&nbsp;<\/p>\n<p>[envira-gallery id=&#8221;94924&#8243;]<\/p>\n","protected":false},"excerpt":{"rendered":"<p>Cidade do M\u00e9xico, M\u00e9xico. No s\u00e1bado, 23 de janeiro, a Prov\u00edncia do M\u00e9xico, na igreja de Santo Ant\u00f4nio Maria Claret, celebrou com alegria a ordena\u00e7\u00e3o diaconal do mission\u00e1rio Edgar Alejandro Salgado Tapia, CMF. A ordena\u00e7\u00e3o foi presidida por Dom H\u00e9ctor Mario P\u00e9rez Villareal, bispo auxiliar da Arquidiocese do M\u00e9xico. O bispo em sua homilia lembrou [&hellip;]<\/p>\n","protected":false},"author":1,"featured_media":94929,"comment_status":"closed","ping_status":"closed","sticky":false,"template":"","format":"standard","meta":{"_et_pb_use_builder":"","_et_pb_old_content":"","_et_gb_content_width":"","footnotes":""},"categories":[383,354,574],"tags":[],"class_list":["post-94993","post","type-post","status-publish","format-standard","has-post-thumbnail","hentry","category-mexico-pt-pt","category-micla-pt-pt","category-ordenacoes"],"jetpack_featured_media_url":"https:\/\/i0.wp.com\/www.claret.org\/wp-content\/uploads\/2021\/01\/M-20210123-Ordenacion-Diaconal-Edgar-Alejandro-Salgado-1.jpeg?fit=550%2C356&ssl=1","jetpack_sharing_enabled":true,"jetpack_shortlink":"https:\/\/wp.me\/pdaBmi-oI9","jetpack_likes_enabled":true,"_links":{"self":[{"href":"https:\/\/www.claret.org\/pt-pt\/wp-json\/wp\/v2\/posts\/94993","targetHints":{"allow":["GET"]}}],"collection":[{"href":"https:\/\/www.claret.org\/pt-pt\/wp-json\/wp\/v2\/posts"}],"about":[{"href":"https:\/\/www.claret.org\/pt-pt\/wp-json\/wp\/v2\/types\/post"}],"author":[{"embeddable":true,"href":"https:\/\/www.claret.org\/pt-pt\/wp-json\/wp\/v2\/users\/1"}],"replies":[{"embeddable":true,"href":"https:\/\/www.claret.org\/pt-pt\/wp-json\/wp\/v2\/comments?post=94993"}],"version-history":[{"count":0,"href":"https:\/\/www.claret.org\/pt-pt\/wp-json\/wp\/v2\/posts\/94993\/revisions"}],"wp:featuredmedia":[{"embeddable":true,"href":"https:\/\/www.claret.org\/pt-pt\/wp-json\/wp\/v2\/media\/94929"}],"wp:attachment":[{"href":"https:\/\/www.claret.org\/pt-pt\/wp-json\/wp\/v2\/media?parent=94993"}],"wp:term":[{"taxonomy":"category","embeddable":true,"href":"https:\/\/www.claret.org\/pt-pt\/wp-json\/wp\/v2\/categories?post=94993"},{"taxonomy":"post_tag","embeddable":true,"href":"https:\/\/www.claret.org\/pt-pt\/wp-json\/wp\/v2\/tags?post=94993"}],"curies":[{"name":"wp","href":"https:\/\/api.w.org\/{rel}","templated":true}]}}