{"id":95734,"date":"2021-02-26T10:35:46","date_gmt":"2021-02-26T09:35:46","guid":{"rendered":"https:\/\/www.claret.org\/encontro-da-comissao-de-pastoral-educativa-da-provincia-da-colombia-oriental-e-equador\/"},"modified":"2021-02-26T10:35:46","modified_gmt":"2021-02-26T09:35:46","slug":"encontro-da-comissao-de-pastoral-educativa-da-provincia-da-colombia-oriental-e-equador","status":"publish","type":"post","link":"https:\/\/www.claret.org\/pt-pt\/encontro-da-comissao-de-pastoral-educativa-da-provincia-da-colombia-oriental-e-equador\/","title":{"rendered":"Encontro da Comiss\u00e3o de Pastoral Educativa da Prov\u00edncia da Col\u00f4mbia Oriental e Equador"},"content":{"rendered":"<p><strong>Guayaquil, Equador<\/strong>. No dia 20 de fevereiro, a Prefeitura de Apostolado e a Comiss\u00e3o Provincial de Educa\u00e7\u00e3o da Prov\u00edncia da Col\u00f4mbia Oriental e Equador organizaram um encontro online para revisar as diretrizes do caminho educativo provincial para este ano de 2021.<\/p>\n<p>O encontro se realizou com a coordena\u00e7\u00e3o de diversos grupos que revisaram o trabalho desenvolvido em n\u00edvel institucional ao longo de 2020 e apresentaram diversas propostas para que a prefeitura, a comiss\u00e3o e o secret\u00e1rio da Prov\u00edncia possam elaborar uma s\u00edntese.<\/p>\n","protected":false},"excerpt":{"rendered":"<p>Guayaquil, Equador. No dia 20 de fevereiro, a Prefeitura de Apostolado e a Comiss\u00e3o Provincial de Educa\u00e7\u00e3o da Prov\u00edncia da Col\u00f4mbia Oriental e Equador organizaram um encontro online para revisar as diretrizes do caminho educativo provincial para este ano de 2021. O encontro se realizou com a coordena\u00e7\u00e3o de diversos grupos que revisaram o trabalho [&hellip;]<\/p>\n","protected":false},"author":1,"featured_media":95689,"comment_status":"closed","ping_status":"closed","sticky":false,"template":"","format":"standard","meta":{"_et_pb_use_builder":"","_et_pb_old_content":"","_et_gb_content_width":"","footnotes":""},"categories":[410,377,424],"tags":[],"class_list":["post-95734","post","type-post","status-publish","format-standard","has-post-thumbnail","hentry","category-apostolado-pt-pt","category-colombia-oriental-ecuador-pt-pt","category-pastoral-educativa-pt-pt"],"jetpack_featured_media_url":"https:\/\/i0.wp.com\/www.claret.org\/wp-content\/uploads\/2021\/02\/COMISION-DE-PASTORAL-1080x675-1.jpg?fit=1054%2C371&ssl=1","jetpack_sharing_enabled":true,"jetpack_shortlink":"https:\/\/wp.me\/pdaBmi-oU6","jetpack_likes_enabled":true,"_links":{"self":[{"href":"https:\/\/www.claret.org\/pt-pt\/wp-json\/wp\/v2\/posts\/95734","targetHints":{"allow":["GET"]}}],"collection":[{"href":"https:\/\/www.claret.org\/pt-pt\/wp-json\/wp\/v2\/posts"}],"about":[{"href":"https:\/\/www.claret.org\/pt-pt\/wp-json\/wp\/v2\/types\/post"}],"author":[{"embeddable":true,"href":"https:\/\/www.claret.org\/pt-pt\/wp-json\/wp\/v2\/users\/1"}],"replies":[{"embeddable":true,"href":"https:\/\/www.claret.org\/pt-pt\/wp-json\/wp\/v2\/comments?post=95734"}],"version-history":[{"count":0,"href":"https:\/\/www.claret.org\/pt-pt\/wp-json\/wp\/v2\/posts\/95734\/revisions"}],"wp:featuredmedia":[{"embeddable":true,"href":"https:\/\/www.claret.org\/pt-pt\/wp-json\/wp\/v2\/media\/95689"}],"wp:attachment":[{"href":"https:\/\/www.claret.org\/pt-pt\/wp-json\/wp\/v2\/media?parent=95734"}],"wp:term":[{"taxonomy":"category","embeddable":true,"href":"https:\/\/www.claret.org\/pt-pt\/wp-json\/wp\/v2\/categories?post=95734"},{"taxonomy":"post_tag","embeddable":true,"href":"https:\/\/www.claret.org\/pt-pt\/wp-json\/wp\/v2\/tags?post=95734"}],"curies":[{"name":"wp","href":"https:\/\/api.w.org\/{rel}","templated":true}]}}