{"id":96293,"date":"2021-03-04T10:10:48","date_gmt":"2021-03-04T09:10:48","guid":{"rendered":"https:\/\/www.claret.org\/lancamento-da-pedra-fundamental-da-inicio-a-ampliacao-da-escola-de-ensino-medio-padre-xifre-em-champ-de-tirs\/"},"modified":"2021-03-04T10:10:48","modified_gmt":"2021-03-04T09:10:48","slug":"lancamento-da-pedra-fundamental-da-inicio-a-ampliacao-da-escola-de-ensino-medio-padre-xifre-em-champ-de-tirs","status":"publish","type":"post","link":"https:\/\/www.claret.org\/pt-pt\/lancamento-da-pedra-fundamental-da-inicio-a-ampliacao-da-escola-de-ensino-medio-padre-xifre-em-champ-de-tirs\/","title":{"rendered":"Lan\u00e7amento da pedra fundamental d\u00e1 in\u00edcio \u00e0 amplia\u00e7\u00e3o da escola de ensino m\u00e9dio Padre Xifr\u00e9 em Champ de Tirs"},"content":{"rendered":"<p><strong>Kinshasha, RD Congo.<\/strong> Na segunda-feira, 1\u00ba de mar\u00e7o de 2021, o Pe. Jean Baptiste Makilandi CMF, Superior da Delega\u00e7\u00e3o do Congo, acompanhado de seu conselho, lan\u00e7ou a primeira pedra para a amplia\u00e7\u00e3o das instala\u00e7\u00f5es da escola secund\u00e1ria Coll\u00e8ge P\u00e8re Xifr\u00e9 em Champs des Tirs, em Kinshasa (RD Congo). A escola abriu suas portas em setembro de 2018, com o apoio da Proclade Espanha, para facilitar o acesso \u00e0 educa\u00e7\u00e3o de qualidade para as crian\u00e7as que vivem no novo bairro suburbano de Champs des Tirs.<\/p>\n<p>&nbsp;<\/p>\n<p>[envira-gallery id=&#8221;96218&#8243;]<\/p>\n","protected":false},"excerpt":{"rendered":"<p>Kinshasha, RD Congo. Na segunda-feira, 1\u00ba de mar\u00e7o de 2021, o Pe. Jean Baptiste Makilandi CMF, Superior da Delega\u00e7\u00e3o do Congo, acompanhado de seu conselho, lan\u00e7ou a primeira pedra para a amplia\u00e7\u00e3o das instala\u00e7\u00f5es da escola secund\u00e1ria Coll\u00e8ge P\u00e8re Xifr\u00e9 em Champs des Tirs, em Kinshasa (RD Congo). A escola abriu suas portas em setembro [&hellip;]<\/p>\n","protected":false},"author":1,"featured_media":96246,"comment_status":"closed","ping_status":"closed","sticky":false,"template":"","format":"standard","meta":{"_et_pb_use_builder":"","_et_pb_old_content":"","_et_gb_content_width":"","footnotes":""},"categories":[137,424,449],"tags":[],"class_list":["post-96293","post","type-post","status-publish","format-standard","has-post-thumbnail","hentry","category-congo-pt-pt","category-pastoral-educativa-pt-pt","category-procure-mision"],"jetpack_featured_media_url":"https:\/\/i0.wp.com\/www.claret.org\/wp-content\/uploads\/2021\/03\/Congo-Kinshasha-04032021.jpeg?fit=1073%2C980&ssl=1","jetpack_sharing_enabled":true,"jetpack_shortlink":"https:\/\/wp.me\/pdaBmi-p37","jetpack_likes_enabled":true,"_links":{"self":[{"href":"https:\/\/www.claret.org\/pt-pt\/wp-json\/wp\/v2\/posts\/96293","targetHints":{"allow":["GET"]}}],"collection":[{"href":"https:\/\/www.claret.org\/pt-pt\/wp-json\/wp\/v2\/posts"}],"about":[{"href":"https:\/\/www.claret.org\/pt-pt\/wp-json\/wp\/v2\/types\/post"}],"author":[{"embeddable":true,"href":"https:\/\/www.claret.org\/pt-pt\/wp-json\/wp\/v2\/users\/1"}],"replies":[{"embeddable":true,"href":"https:\/\/www.claret.org\/pt-pt\/wp-json\/wp\/v2\/comments?post=96293"}],"version-history":[{"count":0,"href":"https:\/\/www.claret.org\/pt-pt\/wp-json\/wp\/v2\/posts\/96293\/revisions"}],"wp:featuredmedia":[{"embeddable":true,"href":"https:\/\/www.claret.org\/pt-pt\/wp-json\/wp\/v2\/media\/96246"}],"wp:attachment":[{"href":"https:\/\/www.claret.org\/pt-pt\/wp-json\/wp\/v2\/media?parent=96293"}],"wp:term":[{"taxonomy":"category","embeddable":true,"href":"https:\/\/www.claret.org\/pt-pt\/wp-json\/wp\/v2\/categories?post=96293"},{"taxonomy":"post_tag","embeddable":true,"href":"https:\/\/www.claret.org\/pt-pt\/wp-json\/wp\/v2\/tags?post=96293"}],"curies":[{"name":"wp","href":"https:\/\/api.w.org\/{rel}","templated":true}]}}