{"id":97006,"date":"2021-03-22T17:21:53","date_gmt":"2021-03-22T16:21:53","guid":{"rendered":"https:\/\/www.claret.org\/missionarios-claretianos-cultivando-arroz-em-missao-compartilhada\/"},"modified":"2021-03-22T17:21:53","modified_gmt":"2021-03-22T16:21:53","slug":"missionarios-claretianos-cultivando-arroz-em-missao-compartilhada","status":"publish","type":"post","link":"https:\/\/www.claret.org\/pt-pt\/missionarios-claretianos-cultivando-arroz-em-missao-compartilhada\/","title":{"rendered":"Mission\u00e1rios Claretianos cultivando arroz em miss\u00e3o compartilhada"},"content":{"rendered":"<p><strong>Tarus-Noelbaki, Indon\u00e9sia<\/strong>. Sob o sol escaldante, Pe. Eugenius Paul Madoni, CMF (Ec\u00f4nomo da Delega\u00e7\u00e3o), acompanhado pelo Pe. Cyprianus Asa, CMF e Pe. Celestinus Panggarra, CMF, visitaram os arrozais em Tarus-Noelbaki. O calor da cidade coralina n\u00e3o desencorajou os tr\u00eas mission\u00e1rios de caminhar pelos campos verdes que geralmente fornecem arroz para as tr\u00eas casas de forma\u00e7\u00e3o em Kupang.<\/p>\n<p>Alguns desses arrozais s\u00e3o administrados por Mission\u00e1rios Claretianos em colabora\u00e7\u00e3o com v\u00e1rios produtores h\u00e1 v\u00e1rios anos. O Sr. Marianus Raya, um dos produtores e coordenadores da planta\u00e7\u00e3o, compartilhou sua alegria e o quanto gosta do trabalho que vem realizando nos \u00faltimos anos. Apesar da temporada de plantio em 2020, quase todos os campos de arroz em Tarus e Noelbaki tiveram colheitas ruins devido a uma longa estiagem. Espera-se que a \u00e9poca de plantio em 2021 d\u00ea melhores resultados.<\/p>\n<p>Pater Dony, em mensagem no WhatsApp, expressou que est\u00e1 otimista com a atual safra de arroz; &#8220;Sawah Kupang, a primeira temporada de 2021 \u00e9 bastante promissora&#8221;, escreveu ele. Os mission\u00e1rios esperam que a &#8220;fuma\u00e7a da cozinha&#8221; das tr\u00eas casas de forma\u00e7\u00e3o &#8211; Pr\u00e9-Noviciado Claret, Semin\u00e1rio Hati Maria e Casa Claretiana Kupan &#8211; continue subindo ao c\u00e9u.<\/p>\n","protected":false},"excerpt":{"rendered":"<p>Tarus-Noelbaki, Indon\u00e9sia. Sob o sol escaldante, Pe. Eugenius Paul Madoni, CMF (Ec\u00f4nomo da Delega\u00e7\u00e3o), acompanhado pelo Pe. Cyprianus Asa, CMF e Pe. Celestinus Panggarra, CMF, visitaram os arrozais em Tarus-Noelbaki. O calor da cidade coralina n\u00e3o desencorajou os tr\u00eas mission\u00e1rios de caminhar pelos campos verdes que geralmente fornecem arroz para as tr\u00eas casas de forma\u00e7\u00e3o [&hellip;]<\/p>\n","protected":false},"author":1,"featured_media":96999,"comment_status":"closed","ping_status":"closed","sticky":false,"template":"","format":"standard","meta":{"_et_pb_use_builder":"","_et_pb_old_content":"","_et_gb_content_width":"","footnotes":""},"categories":[196,205],"tags":[],"class_list":["post-97006","post","type-post","status-publish","format-standard","has-post-thumbnail","hentry","category-ascla-east-pt-pt","category-ave-maria-pt"],"jetpack_featured_media_url":"https:\/\/i0.wp.com\/www.claret.org\/wp-content\/uploads\/2021\/03\/IL-22032021-RicePlantation.jpg?fit=700%2C400&ssl=1","jetpack_sharing_enabled":true,"jetpack_shortlink":"https:\/\/wp.me\/pdaBmi-peC","jetpack_likes_enabled":true,"_links":{"self":[{"href":"https:\/\/www.claret.org\/pt-pt\/wp-json\/wp\/v2\/posts\/97006","targetHints":{"allow":["GET"]}}],"collection":[{"href":"https:\/\/www.claret.org\/pt-pt\/wp-json\/wp\/v2\/posts"}],"about":[{"href":"https:\/\/www.claret.org\/pt-pt\/wp-json\/wp\/v2\/types\/post"}],"author":[{"embeddable":true,"href":"https:\/\/www.claret.org\/pt-pt\/wp-json\/wp\/v2\/users\/1"}],"replies":[{"embeddable":true,"href":"https:\/\/www.claret.org\/pt-pt\/wp-json\/wp\/v2\/comments?post=97006"}],"version-history":[{"count":0,"href":"https:\/\/www.claret.org\/pt-pt\/wp-json\/wp\/v2\/posts\/97006\/revisions"}],"wp:featuredmedia":[{"embeddable":true,"href":"https:\/\/www.claret.org\/pt-pt\/wp-json\/wp\/v2\/media\/96999"}],"wp:attachment":[{"href":"https:\/\/www.claret.org\/pt-pt\/wp-json\/wp\/v2\/media?parent=97006"}],"wp:term":[{"taxonomy":"category","embeddable":true,"href":"https:\/\/www.claret.org\/pt-pt\/wp-json\/wp\/v2\/categories?post=97006"},{"taxonomy":"post_tag","embeddable":true,"href":"https:\/\/www.claret.org\/pt-pt\/wp-json\/wp\/v2\/tags?post=97006"}],"curies":[{"name":"wp","href":"https:\/\/api.w.org\/{rel}","templated":true}]}}